{"id":63405,"date":"2025-09-30T09:39:54","date_gmt":"2025-09-30T07:39:54","guid":{"rendered":"https:\/\/www.emartsoccer.es\/?p=63405"},"modified":"2025-09-30T09:39:58","modified_gmt":"2025-09-30T07:39:58","slug":"top-3-segunda-rfef-jornada-4","status":"publish","type":"post","link":"https:\/\/www.emartsoccer.es\/en\/top-3-segunda-rfef-jornada-4\/","title":{"rendered":"Top-3 Segunda RFEF jornada 4"},"content":{"rendered":"\n<p>Dos futbolistas del grupo norte y una del grupo sur de <strong>Primera RFEF<\/strong> conforman nuestro top-3 de la jornada 4 de <strong>Segunda RFEF. <\/strong>Se trata de <strong>Sara Barreda<\/strong>, defensa del <strong>RC Deportivo de la Coru\u00f1a B, Nerea Cuquejo,<\/strong> centrocampista del<strong> RC Celta de Vigo,<\/strong> y <strong>Carol Herrera<\/strong>, goleadora del <strong>Levante UD B.<\/strong><\/p>\n\n\n\n<p><strong>Sara Barrera fue clave en defensa para que el RC Deportivo de la Coru\u00f1a se llevara la victoria del feudo del Real Avil\u00e9s Industrial CF.<\/strong> La defensa sostuvo al equipo atr\u00e1s con firmeza y permiti\u00f3 mantener la porter\u00eda a cero en un nuevo triunfo deportivista (0-1).<\/p>\n\n\n\n<p>En el mismo grupo, <strong>Nerea Cuquejo domin\u00f3 la medular del RC Celta de Vigo ante el Athletic Club B. <\/strong>Control\u00f3 el juego y permiti\u00f3 a su equipo dominar un encuentro que acabar\u00eda venciendo por tres goles a uno, duelo en el que adem\u00e1s <strong>Cuquejo<\/strong> abri\u00f3 el marcador.<\/p>\n\n\n\n<p>En el grupo sur, <strong>doblete para Carol Herrera en la victoria del Levante UD B en el terreno de juego del RCD Espanyol B (1-2).<\/strong> Fue sin duda la gran protagonista del triunfo granota, liderando el ataque de su equipo con gran eficacia y permitiendo que los tres puntos volaran hacia<strong> Bu\u00f1ol.<\/strong><\/p>\n\n\n<div class=\"wp-block-image\">\n<figure class=\"aligncenter size-large is-resized\"><img fetchpriority=\"high\" decoding=\"async\" width=\"576\" height=\"1024\" src=\"https:\/\/www.emartsoccer.es\/wp-content\/uploads\/2025\/09\/segunda_rfef-576x1024.jpeg\" alt=\"\" class=\"wp-image-63423\" style=\"width:207px;height:auto\"\/><\/figure>\n<\/div>","protected":false},"excerpt":{"rendered":"<p>Dos futbolistas del grupo norte y una del grupo sur de Primera RFEF conforman nuestro top-3 de la jornada 4 de Segunda RFEF. Se trata de Sara Barreda, defensa del RC Deportivo de la Coru\u00f1a B, Nerea Cuquejo, centrocampista del RC Celta de Vigo, y Carol Herrera, goleadora del Levante UD B. Sara Barrera fue [&hellip;]<\/p>\n","protected":false},"author":7,"featured_media":63421,"comment_status":"closed","ping_status":"closed","sticky":false,"template":"","format":"standard","meta":{"footnotes":""},"categories":[593],"tags":[845,849,848],"class_list":["post-63405","post","type-post","status-publish","format-standard","has-post-thumbnail","hentry","category-noticia-femenino","tag-carol-herrera","tag-nerea-cuquejo","tag-sara-barreda"],"_links":{"self":[{"href":"https:\/\/www.emartsoccer.es\/en\/wp-json\/wp\/v2\/posts\/63405","targetHints":{"allow":["GET"]}}],"collection":[{"href":"https:\/\/www.emartsoccer.es\/en\/wp-json\/wp\/v2\/posts"}],"about":[{"href":"https:\/\/www.emartsoccer.es\/en\/wp-json\/wp\/v2\/types\/post"}],"author":[{"embeddable":true,"href":"https:\/\/www.emartsoccer.es\/en\/wp-json\/wp\/v2\/users\/7"}],"replies":[{"embeddable":true,"href":"https:\/\/www.emartsoccer.es\/en\/wp-json\/wp\/v2\/comments?post=63405"}],"version-history":[{"count":2,"href":"https:\/\/www.emartsoccer.es\/en\/wp-json\/wp\/v2\/posts\/63405\/revisions"}],"predecessor-version":[{"id":63425,"href":"https:\/\/www.emartsoccer.es\/en\/wp-json\/wp\/v2\/posts\/63405\/revisions\/63425"}],"wp:featuredmedia":[{"embeddable":true,"href":"https:\/\/www.emartsoccer.es\/en\/wp-json\/wp\/v2\/media\/63421"}],"wp:attachment":[{"href":"https:\/\/www.emartsoccer.es\/en\/wp-json\/wp\/v2\/media?parent=63405"}],"wp:term":[{"taxonomy":"category","embeddable":true,"href":"https:\/\/www.emartsoccer.es\/en\/wp-json\/wp\/v2\/categories?post=63405"},{"taxonomy":"post_tag","embeddable":true,"href":"https:\/\/www.emartsoccer.es\/en\/wp-json\/wp\/v2\/tags?post=63405"}],"curies":[{"name":"wp","href":"https:\/\/api.w.org\/{rel}","templated":true}]}}