{"id":63388,"date":"2025-09-28T17:59:01","date_gmt":"2025-09-28T15:59:01","guid":{"rendered":"https:\/\/www.emartsoccer.es\/?p=63388"},"modified":"2025-09-28T18:00:58","modified_gmt":"2025-09-28T16:00:58","slug":"emartsoccer-se-mantiene-como-la-segunda-agencia-de-representacion-espanola-con-mas-operaciones-realizadas-en-el-mercado-estival","status":"publish","type":"post","link":"https:\/\/www.emartsoccer.es\/en\/emartsoccer-se-mantiene-como-la-segunda-agencia-de-representacion-espanola-con-mas-operaciones-realizadas-en-el-mercado-estival\/","title":{"rendered":"Emart&#038;Soccer se mantiene como la segunda agencia de representaci\u00f3n espa\u00f1ola con m\u00e1s operaciones realizadas en el mercado estival"},"content":{"rendered":"\n<p>Pr\u00e1cticamente un mes despu\u00e9s de que el mercado estival cerrara, la web especializada en traspasos <strong>Transfermarkt<\/strong> ha facilitado los n\u00fameros de la citada ventana de pases a nivel de agencias. En el listado se encuentra un a\u00f1o m\u00e1s <strong>Emart&amp;Soccer<\/strong>, una de las agencias de representaci\u00f3n espa\u00f1olas pioneras en el pa\u00eds. Como ya ocurriera la pasada temporada, la<strong> empresa dirigida por Eduardo Llanos se sit\u00faa como la segunda de Espa\u00f1a con m\u00e1s movimientos realizados, 89, 85 de ellos a nivel de traspaso definitivo y cuatro a modo de cesi\u00f3n.<\/strong><\/p>\n\n\n\n<p>Todas estas operaciones no hacen m\u00e1s que reforzar el buen momento que vive <strong>Emart&amp;Soccer<\/strong>.<strong> Cuatro de esos movimientos se han realizado con jugadores que han llegado a Polonia,<\/strong> con lo que la n\u00f3mina de jugadores representados por la agencia en dicho pa\u00eds aumenta a diez. Se trata de<a href=\"https:\/\/www.emartsoccer.es\/emartsoccer-amplia-su-presencia-en-polonia-edu-espiau-ficha-por-el-arka-gdyna\/\"> <strong>Edu Espiau<\/strong>, que ha firmado por el <strong>Arka Gdynia<\/strong> de <strong>Ekstraklasa;<\/strong><\/a><strong> <\/strong><a href=\"https:\/\/www.emartsoccer.es\/ale-diez-y-mario-losada-la-conexion-espanola-que-ya-funciona-en-mielec\/\"><strong>Mario Losada<\/strong> y <strong>Ale D\u00edez<\/strong>, que han llegado al <strong>FKS Stal Mielec<\/strong> de la<strong> BetClic 1 Liga<\/strong><\/a>; y <a href=\"https:\/\/www.emartsoccer.es\/unai-bujan-firma-por-el-ts-podbeskidzie-y-se-convierte-en-el-decimo-jugador-de-emartsoccer-en-polonia\/\"><strong>Unai Buj\u00e1n<\/strong>, que ha fichado por el <strong>TS Podbeskidizie<\/strong>,<\/a> que compite en<strong> BetClic 2 Liga.<\/strong><\/p>\n\n\n\n<p>Todav\u00eda hay m\u00e1s, puesto que con <a href=\"https:\/\/www.emartsoccer.es\/jose-artiles-calidad-en-la-medular-para-el-nea-salamis-chipriota\/\"><strong>Jos\u00e9 Art\u00edles<\/strong>, que ha recalado en el <strong>Nea Salamis Famagusta<\/strong><\/a>, y<a href=\"https:\/\/www.emartsoccer.es\/destino-exotico-para-raul-parra-se-marcha-al-johor-darul-tazim-de-malasia\/\"> <strong>Ra\u00fal Parra<\/strong>, fichado por el <strong>Johor Darul Ta\u2019zim<\/strong>, <\/a><strong>Emart&amp;Soccer<\/strong> se sumerge en dos nuevos mercados, el de <strong>Chipre<\/strong> y en el de <strong>Malasia<\/strong>, pese a que en el de la isla mediterr\u00e1nea ya hab\u00eda tenido presencia con anterioridad.<\/p>\n\n\n\n<p>Cabe a\u00f1adir tambi\u00e9n que <strong>hasta 15 futbolistas que han cambiado de equipo lo han hecho para jugar en un conjunto de mayor categor\u00eda al que pertenec\u00edan<\/strong>. Los m\u00e1s destacados son los casos de<a href=\"https:\/\/www.emartsoccer.es\/orest-lebedenko-firma-por-tres-temporadas-con-el-vitoria-guimaraes-sc\/\"> <strong>Orest Lebedenko<\/strong>, que ha pasado del <strong>FC Vizela<\/strong> de la <strong>Liga Portugal 2<\/strong> al <strong>SC Vit\u00f3ria<\/strong> de <\/a><strong><a href=\"https:\/\/www.emartsoccer.es\/orest-lebedenko-firma-por-tres-temporadas-con-el-vitoria-guimaraes-sc\/\">Primera<\/a>;<\/strong> <a href=\"https:\/\/www.emartsoccer.es\/rafa-tresaco-regresa-a-laliga-hypermotion-de-la-mano-de-la-cultural-leonesa\/\"><strong>Rafa Tresaco<\/strong>, del <strong>Zamora CF<\/strong> de<strong> Primera RFEF<\/strong> a la <strong>Cultural Leonesa<\/strong> de<strong> LaLiga Hypermotion<\/strong><\/a>; y <a href=\"https:\/\/www.emartsoccer.es\/el-sc-farense-apuesta-por-la-potencia-de-toni-herrero\/\" data-type=\"link\" data-id=\"https:\/\/www.emartsoccer.es\/el-sc-farense-apuesta-por-la-potencia-de-toni-herrero\/\"><strong>Toni Herrero<\/strong>, del filial de <strong>CA Osasuna<\/strong> tambi\u00e9n en <strong>Primera RFEF<\/strong> al <strong>SC Farense<\/strong><\/a>, de la <strong>Segunda Liga portuguesa<\/strong>.<\/p>\n\n\n\n<p><strong>Emart&amp;Soccer<\/strong>, que suma 35 a\u00f1os de experiencia, sigue manteniendo una gran presencia en el mercado y <strong>se mantiene como referente de una categor\u00eda que cada vez m\u00e1s goza de mayor aceptaci\u00f3n y respeto en Espa\u00f1a como es la Primera RFEF, donde ha efectuado hasta 30 movimientos de traspasos<\/strong>. La empresa, de dilatada y reconocida trayectoria, sigue a\u00f1o tras a\u00f1o y mercado tras mercado trabajando de manera ardua para cumplir los sue\u00f1os de sus representados, los cuales destacan cada vez m\u00e1s la cercan\u00eda y familiaridad de la agencia como gran punto diferencial.<\/p>\n\n\n<div class=\"wp-block-image\">\n<figure class=\"aligncenter size-large is-resized\"><img fetchpriority=\"high\" decoding=\"async\" width=\"819\" height=\"1024\" src=\"https:\/\/www.emartsoccer.es\/wp-content\/uploads\/2025\/09\/ES-mercado-de-verano-2025-26-819x1024.jpg\" alt=\"\" class=\"wp-image-63394\" style=\"width:335px;height:auto\"\/><\/figure>\n<\/div>","protected":false},"excerpt":{"rendered":"<p>Pr\u00e1cticamente un mes despu\u00e9s de que el mercado estival cerrara, la web especializada en traspasos Transfermarkt ha facilitado los n\u00fameros de la citada ventana de pases a nivel de agencias. En el listado se encuentra un a\u00f1o m\u00e1s Emart&amp;Soccer, una de las agencias de representaci\u00f3n espa\u00f1olas pioneras en el pa\u00eds. Como ya ocurriera la pasada [&hellip;]<\/p>\n","protected":false},"author":7,"featured_media":63391,"comment_status":"closed","ping_status":"closed","sticky":false,"template":"","format":"standard","meta":{"footnotes":""},"categories":[594],"tags":[],"class_list":["post-63388","post","type-post","status-publish","format-standard","has-post-thumbnail","hentry","category-noticia-masculino"],"_links":{"self":[{"href":"https:\/\/www.emartsoccer.es\/en\/wp-json\/wp\/v2\/posts\/63388","targetHints":{"allow":["GET"]}}],"collection":[{"href":"https:\/\/www.emartsoccer.es\/en\/wp-json\/wp\/v2\/posts"}],"about":[{"href":"https:\/\/www.emartsoccer.es\/en\/wp-json\/wp\/v2\/types\/post"}],"author":[{"embeddable":true,"href":"https:\/\/www.emartsoccer.es\/en\/wp-json\/wp\/v2\/users\/7"}],"replies":[{"embeddable":true,"href":"https:\/\/www.emartsoccer.es\/en\/wp-json\/wp\/v2\/comments?post=63388"}],"version-history":[{"count":2,"href":"https:\/\/www.emartsoccer.es\/en\/wp-json\/wp\/v2\/posts\/63388\/revisions"}],"predecessor-version":[{"id":63397,"href":"https:\/\/www.emartsoccer.es\/en\/wp-json\/wp\/v2\/posts\/63388\/revisions\/63397"}],"wp:featuredmedia":[{"embeddable":true,"href":"https:\/\/www.emartsoccer.es\/en\/wp-json\/wp\/v2\/media\/63391"}],"wp:attachment":[{"href":"https:\/\/www.emartsoccer.es\/en\/wp-json\/wp\/v2\/media?parent=63388"}],"wp:term":[{"taxonomy":"category","embeddable":true,"href":"https:\/\/www.emartsoccer.es\/en\/wp-json\/wp\/v2\/categories?post=63388"},{"taxonomy":"post_tag","embeddable":true,"href":"https:\/\/www.emartsoccer.es\/en\/wp-json\/wp\/v2\/tags?post=63388"}],"curies":[{"name":"wp","href":"https:\/\/api.w.org\/{rel}","templated":true}]}}