{"id":63307,"date":"2025-09-22T12:00:05","date_gmt":"2025-09-22T10:00:05","guid":{"rendered":"https:\/\/www.emartsoccer.es\/?p=63307"},"modified":"2025-09-29T10:30:55","modified_gmt":"2025-09-29T08:30:55","slug":"top-3-primera-rfef-tercera-jornada","status":"publish","type":"post","link":"https:\/\/www.emartsoccer.es\/en\/top-3-primera-rfef-tercera-jornada\/","title":{"rendered":"Top-3 Primera RFEF jornada 3"},"content":{"rendered":"\n<p><strong>Protagonismo en la tercera jornada de Primera RFEF para Natalia Pe\u00f1alvo, Celia Ochoa y Gema Climent. <\/strong>La primera manej\u00f3 el tim\u00f3n del <strong>Club Atl\u00e9tico de Madrid B <\/strong>en su clara victoria ante el<strong> SDF Real Betis Balompi\u00e9<\/strong> (3-0); <strong>Celia Ochoa<\/strong> fue clave saliendo desde el banquillo para que el <strong>Deportivo Alav\u00e9s <\/strong>se llevara el triunfo del fuedo del<strong> FC Barcelona B <\/strong>(2-3); y <strong>Gema Climent<\/strong> sigue con su espectacular inicio de campa\u00f1a, llevando la batuta del <strong>Valencia F\u00e9minas<\/strong> en la igualada sin goles contra el<strong> Real Oviedo<\/strong> (0-0).<\/p>\n\n\n\n<p><strong>Natalia Pe\u00f1alvo<\/strong> mostr\u00f3 un gran nivel en la medular del <strong>Club Atl\u00e9tico de Madrid B. Una vez m\u00e1s manej\u00f3 el tim\u00f3n de su equipo, ganando duelos y siendo vital en la salida de bal\u00f3n<\/strong> de un equipo que est\u00e1 siendo la revelaci\u00f3n de este arranque de campeonato liderando la tabla con nueve puntos de nueve posibles.<\/p>\n\n\n\n<p><strong>Celia Ochoa<\/strong> fue clave para que el<strong> Deportivo Alav\u00e9s <\/strong>asaltara el feudo del<strong> FC Barcelona B<\/strong>, remontando el duelo.<strong> La centrocampista ofreci\u00f3 ritmo e intensidad e incluso en uno de sus acercamientos logr\u00f3 el tercero gol, el de la victoria.<\/strong><\/p>\n\n\n\n<p>Una semana m\u00e1s destacamos el gran partido de <strong>Gema Climent <\/strong>en el centro del campo del <strong>Valencia F\u00e9minas.<\/strong> <strong>Fue protagonista tanto con como sin bal\u00f3n y control\u00f3 el encuentro a su antojo. <\/strong>\u00danicamente le falt\u00f3 el gol para redondear otra gran actuaci\u00f3n.<\/p>\n\n\n<div class=\"wp-block-image\">\n<figure class=\"aligncenter size-large is-resized\"><img fetchpriority=\"high\" decoding=\"async\" width=\"576\" height=\"1024\" src=\"https:\/\/www.emartsoccer.es\/wp-content\/uploads\/2025\/09\/primera-rfef-576x1024.jpg\" alt=\"\" class=\"wp-image-63313\" style=\"width:241px;height:auto\"\/><\/figure>\n<\/div>","protected":false},"excerpt":{"rendered":"<p>Protagonismo en la tercera jornada de Primera RFEF para Natalia Pe\u00f1alvo, Celia Ochoa y Gema Climent. La primera manej\u00f3 el tim\u00f3n del Club Atl\u00e9tico de Madrid B en su clara victoria ante el SDF Real Betis Balompi\u00e9 (3-0); Celia Ochoa fue clave saliendo desde el banquillo para que el Deportivo Alav\u00e9s se llevara el triunfo [&hellip;]<\/p>\n","protected":false},"author":7,"featured_media":63311,"comment_status":"closed","ping_status":"closed","sticky":false,"template":"","format":"standard","meta":{"footnotes":""},"categories":[593],"tags":[846,847,838],"class_list":["post-63307","post","type-post","status-publish","format-standard","has-post-thumbnail","hentry","category-noticia-femenino","tag-celia-ochoa","tag-gema-climent","tag-natalia-penalvo"],"_links":{"self":[{"href":"https:\/\/www.emartsoccer.es\/en\/wp-json\/wp\/v2\/posts\/63307","targetHints":{"allow":["GET"]}}],"collection":[{"href":"https:\/\/www.emartsoccer.es\/en\/wp-json\/wp\/v2\/posts"}],"about":[{"href":"https:\/\/www.emartsoccer.es\/en\/wp-json\/wp\/v2\/types\/post"}],"author":[{"embeddable":true,"href":"https:\/\/www.emartsoccer.es\/en\/wp-json\/wp\/v2\/users\/7"}],"replies":[{"embeddable":true,"href":"https:\/\/www.emartsoccer.es\/en\/wp-json\/wp\/v2\/comments?post=63307"}],"version-history":[{"count":3,"href":"https:\/\/www.emartsoccer.es\/en\/wp-json\/wp\/v2\/posts\/63307\/revisions"}],"predecessor-version":[{"id":63409,"href":"https:\/\/www.emartsoccer.es\/en\/wp-json\/wp\/v2\/posts\/63307\/revisions\/63409"}],"wp:featuredmedia":[{"embeddable":true,"href":"https:\/\/www.emartsoccer.es\/en\/wp-json\/wp\/v2\/media\/63311"}],"wp:attachment":[{"href":"https:\/\/www.emartsoccer.es\/en\/wp-json\/wp\/v2\/media?parent=63307"}],"wp:term":[{"taxonomy":"category","embeddable":true,"href":"https:\/\/www.emartsoccer.es\/en\/wp-json\/wp\/v2\/categories?post=63307"},{"taxonomy":"post_tag","embeddable":true,"href":"https:\/\/www.emartsoccer.es\/en\/wp-json\/wp\/v2\/tags?post=63307"}],"curies":[{"name":"wp","href":"https:\/\/api.w.org\/{rel}","templated":true}]}}