{"id":63303,"date":"2025-09-22T12:09:12","date_gmt":"2025-09-22T10:09:12","guid":{"rendered":"https:\/\/www.emartsoccer.es\/?p=63303"},"modified":"2025-09-22T12:09:15","modified_gmt":"2025-09-22T10:09:15","slug":"top-3-segunda-rfef-jornada-3","status":"publish","type":"post","link":"https:\/\/www.emartsoccer.es\/en\/top-3-segunda-rfef-jornada-3\/","title":{"rendered":"Top-3 Segunda RFEF jornada 3"},"content":{"rendered":"\n<p><strong><strong>Carol Herrera<\/strong>, Ylenia Estrella<\/strong> e <strong>Irati Mart\u00edn<\/strong> son las representadas por<strong> Emart&amp;Soccer<\/strong> en <strong>Segunda RFEF <\/strong>que han sido escogidas por nuestros agentes para formar el top-3 de la tercera jornada de la categor\u00eda. <strong>La primera <strong>certific\u00f3 el triunfo del Levante UD B<\/strong>, Ylenia Estrella brill\u00f3 en la medular del Espanyol y e Irati Mart\u00edn <strong>gui\u00f3 al Athletic Club B a la victoria<\/strong><\/strong>.<\/p>\n\n\n\n<p>Victoria fundamental la del <strong>Levante UD B<\/strong> contra el <strong>CD Atl\u00e9tico Baleares<\/strong> con actuaci\u00f3n m\u00e1s que destacada de <strong>Carol Herrera. La extremo anot\u00f3 el segundo gol que cerraba el triunfo (2-0) al culminar una gran acci\u00f3n ofensiva de las &#8216;granotas&#8217;. <\/strong>Son los primeros tres puntos del curso para el cuadro azulgrana.<\/p>\n\n\n\n<p>Gran actuaci\u00f3n tambi\u00e9n la de <strong>Ylenia Estrella<\/strong> en la medular del<strong> Espanyol B<\/strong>. El filial blanquiazul visitaba el inc\u00f3modo feudo de la <strong>SD Huesca<\/strong> y<strong> la centrocampista destac\u00f3 por su visi\u00f3n de juego y generar buenas acciones de las que se aprovecharon sus compa\u00f1eras para llevarse el triunfo (0-2).<\/strong> Con el segundo triunfo de la campa\u00f1a, el segundo equipo perico sigue en la zona alta de la tabla.<\/p>\n\n\n\n<p><strong>Irati Martin<\/strong> fue clave en el triunfo del<strong> Athletic Club B<\/strong> ante el<strong> Madrid CFF B<\/strong> por tres goles a cero. La delantera estuvo en constante movimiento y jug\u00f3 un papel fundamental en la victoria, ya que <strong>anot\u00f3 el segundo gol de su equipo, el de la tranquilidad<\/strong>. Las rojiblancas han ganado los tres encuentros liguero disputados.<\/p>\n\n\n<div class=\"wp-block-image\">\n<figure class=\"aligncenter size-large is-resized\"><img fetchpriority=\"high\" decoding=\"async\" width=\"576\" height=\"1024\" src=\"https:\/\/www.emartsoccer.es\/wp-content\/uploads\/2025\/09\/segunda-rfef-576x1024.jpg\" alt=\"\" class=\"wp-image-63318\" style=\"width:276px;height:auto\"\/><\/figure>\n<\/div>","protected":false},"excerpt":{"rendered":"<p>Carol Herrera, Ylenia Estrella e Irati Mart\u00edn son las representadas por Emart&amp;Soccer en Segunda RFEF que han sido escogidas por nuestros agentes para formar el top-3 de la tercera jornada de la categor\u00eda. La primera certific\u00f3 el triunfo del Levante UD B, Ylenia Estrella brill\u00f3 en la medular del Espanyol y e Irati Mart\u00edn gui\u00f3 [&hellip;]<\/p>\n","protected":false},"author":7,"featured_media":63316,"comment_status":"closed","ping_status":"closed","sticky":false,"template":"","format":"standard","meta":{"footnotes":""},"categories":[593],"tags":[845,843,844],"class_list":["post-63303","post","type-post","status-publish","format-standard","has-post-thumbnail","hentry","category-noticia-femenino","tag-carol-herrera","tag-irati-martin","tag-ylenia-estrella"],"_links":{"self":[{"href":"https:\/\/www.emartsoccer.es\/en\/wp-json\/wp\/v2\/posts\/63303","targetHints":{"allow":["GET"]}}],"collection":[{"href":"https:\/\/www.emartsoccer.es\/en\/wp-json\/wp\/v2\/posts"}],"about":[{"href":"https:\/\/www.emartsoccer.es\/en\/wp-json\/wp\/v2\/types\/post"}],"author":[{"embeddable":true,"href":"https:\/\/www.emartsoccer.es\/en\/wp-json\/wp\/v2\/users\/7"}],"replies":[{"embeddable":true,"href":"https:\/\/www.emartsoccer.es\/en\/wp-json\/wp\/v2\/comments?post=63303"}],"version-history":[{"count":2,"href":"https:\/\/www.emartsoccer.es\/en\/wp-json\/wp\/v2\/posts\/63303\/revisions"}],"predecessor-version":[{"id":63320,"href":"https:\/\/www.emartsoccer.es\/en\/wp-json\/wp\/v2\/posts\/63303\/revisions\/63320"}],"wp:featuredmedia":[{"embeddable":true,"href":"https:\/\/www.emartsoccer.es\/en\/wp-json\/wp\/v2\/media\/63316"}],"wp:attachment":[{"href":"https:\/\/www.emartsoccer.es\/en\/wp-json\/wp\/v2\/media?parent=63303"}],"wp:term":[{"taxonomy":"category","embeddable":true,"href":"https:\/\/www.emartsoccer.es\/en\/wp-json\/wp\/v2\/categories?post=63303"},{"taxonomy":"post_tag","embeddable":true,"href":"https:\/\/www.emartsoccer.es\/en\/wp-json\/wp\/v2\/tags?post=63303"}],"curies":[{"name":"wp","href":"https:\/\/api.w.org\/{rel}","templated":true}]}}