{"id":63228,"date":"2025-09-17T09:09:27","date_gmt":"2025-09-17T07:09:27","guid":{"rendered":"https:\/\/www.emartsoccer.es\/?p=63228"},"modified":"2025-09-17T09:09:29","modified_gmt":"2025-09-17T07:09:29","slug":"top-3-segunda-rfef-jornada-2","status":"publish","type":"post","link":"https:\/\/www.emartsoccer.es\/en\/top-3-segunda-rfef-jornada-2\/","title":{"rendered":"Top-3 Segunda RFEF jornada 2"},"content":{"rendered":"\n<p>En <strong>Segunda RFEF <\/strong>nuestras representadas tambi\u00e9n est\u00e1n &#8216;on fire&#8217;. En esta jornada 2, nuestro <strong>Top-3 <\/strong>es para <strong>Sara Barrera<\/strong>, que con un gran encuentro en defensa consigui\u00f3 que la porter\u00eda del <strong>RC Deportivo de la Coru\u00f1a B<\/strong> se mantuviera a cero en su visita al <strong>Bizkerre Club<\/strong> (0-0)M <strong>Tati Barcia<\/strong>, goleadora del <strong>RC Celta de Vigo<\/strong> en la goleada ante el <strong>Club Atl\u00e9tico de Madrid C<\/strong> (5-0); y<strong> Julia Ceballos<\/strong>, clave desde la banda para el triunfo del <strong>Zaragoza CFF <\/strong>contra el <strong>Dinamo Guadalajara<\/strong> (2-0)<\/p>\n\n\n\n<p>Las defensas tambi\u00e9n dan puntos, y si no que se lo digan a <strong>Sara Barrera<\/strong>, l\u00edder de la zaga del <strong>RC Deportivo de la Coru\u00f1a B<\/strong>.<strong> Su solidez defensiva permiti\u00f3 al cuadro coru\u00f1\u00e9s mantener la porter\u00eda a cero en su visita al Bizkerre Club<\/strong> (0-0) y sumar un punto nada f\u00e1cil a domicilio.<\/p>\n\n\n\n<p>Goleada del <strong>RC Celta de Vigo<\/strong> contra el <strong>Club Atl\u00e9tico de Madrid B<\/strong> (5-0), en un duelo en el que la atacante de banda<strong> Tati Barcia<\/strong> tuvo un papel fundamental. <strong>Estuvo presente en todo el juego ofensivo celeste y culmin\u00f3 su gran actuaci\u00f3n con gol.<\/strong><\/p>\n\n\n\n<p>No marc\u00f3, pero fue igualmente importante para el triunfo de su equipo, el<strong> CFF Zaragoza. Julia Ceballos<\/strong> <strong>aport\u00f3 velocidad y desequilibrio por banda<\/strong> para llevar en volandas al cuadro aragon\u00e9s a su segunda victoria del curso en dos encuentros, esta vez frente al <strong>Dinamo Guadalajara<\/strong> (2-0).<\/p>\n\n\n<div class=\"wp-block-image\">\n<figure class=\"aligncenter size-large is-resized\"><img fetchpriority=\"high\" decoding=\"async\" width=\"576\" height=\"1024\" src=\"https:\/\/www.emartsoccer.es\/wp-content\/uploads\/2025\/09\/top_segunda-576x1024.jpg\" alt=\"\" class=\"wp-image-63270\" style=\"width:377px;height:auto\"\/><\/figure>\n<\/div>","protected":false},"excerpt":{"rendered":"<p>En Segunda RFEF nuestras representadas tambi\u00e9n est\u00e1n &#8216;on fire&#8217;. En esta jornada 2, nuestro Top-3 es para Sara Barrera, que con un gran encuentro en defensa consigui\u00f3 que la porter\u00eda del RC Deportivo de la Coru\u00f1a B se mantuviera a cero en su visita al Bizkerre Club (0-0)M Tati Barcia, goleadora del RC Celta de [&hellip;]<\/p>\n","protected":false},"author":7,"featured_media":63268,"comment_status":"closed","ping_status":"closed","sticky":false,"template":"","format":"standard","meta":{"footnotes":""},"categories":[593],"tags":[842,840],"class_list":["post-63228","post","type-post","status-publish","format-standard","has-post-thumbnail","hentry","category-noticia-femenino","tag-julia-ceballos","tag-sara-barrera"],"_links":{"self":[{"href":"https:\/\/www.emartsoccer.es\/en\/wp-json\/wp\/v2\/posts\/63228","targetHints":{"allow":["GET"]}}],"collection":[{"href":"https:\/\/www.emartsoccer.es\/en\/wp-json\/wp\/v2\/posts"}],"about":[{"href":"https:\/\/www.emartsoccer.es\/en\/wp-json\/wp\/v2\/types\/post"}],"author":[{"embeddable":true,"href":"https:\/\/www.emartsoccer.es\/en\/wp-json\/wp\/v2\/users\/7"}],"replies":[{"embeddable":true,"href":"https:\/\/www.emartsoccer.es\/en\/wp-json\/wp\/v2\/comments?post=63228"}],"version-history":[{"count":2,"href":"https:\/\/www.emartsoccer.es\/en\/wp-json\/wp\/v2\/posts\/63228\/revisions"}],"predecessor-version":[{"id":63272,"href":"https:\/\/www.emartsoccer.es\/en\/wp-json\/wp\/v2\/posts\/63228\/revisions\/63272"}],"wp:featuredmedia":[{"embeddable":true,"href":"https:\/\/www.emartsoccer.es\/en\/wp-json\/wp\/v2\/media\/63268"}],"wp:attachment":[{"href":"https:\/\/www.emartsoccer.es\/en\/wp-json\/wp\/v2\/media?parent=63228"}],"wp:term":[{"taxonomy":"category","embeddable":true,"href":"https:\/\/www.emartsoccer.es\/en\/wp-json\/wp\/v2\/categories?post=63228"},{"taxonomy":"post_tag","embeddable":true,"href":"https:\/\/www.emartsoccer.es\/en\/wp-json\/wp\/v2\/tags?post=63228"}],"curies":[{"name":"wp","href":"https:\/\/api.w.org\/{rel}","templated":true}]}}