{"id":63183,"date":"2025-09-10T13:04:21","date_gmt":"2025-09-10T11:04:21","guid":{"rendered":"https:\/\/www.emartsoccer.es\/?p=63183"},"modified":"2025-09-29T10:31:28","modified_gmt":"2025-09-29T08:31:28","slug":"top-3-jornada-1-segunda-rfef","status":"publish","type":"post","link":"https:\/\/www.emartsoccer.es\/en\/top-3-jornada-1-segunda-rfef\/","title":{"rendered":"Top-3 Segunda RFEF jornada 1"},"content":{"rendered":"\n<p><strong>Ylenia Estrella, Elene Aldekoa<\/strong> y <strong>Naroa Santana<\/strong> son las tres jugadoras destacadas para <strong>Emart&amp;Socccer<\/strong> en esta primera jornada de <strong>Segunda RFEF. <\/strong>La primera es clave en la parcela ofensiva del<strong> Espanyol, Elene Aldekoa<\/strong> dej\u00f3 la porter\u00eda a cero del <strong>Athletic Club B<\/strong> y <strong>Naroa Santana<\/strong> lider\u00f3 el centro del campo del <strong>CD Atl\u00e9tico Baleares<\/strong>.<br><br>El <strong>Espanyol<\/strong> gan\u00f3 en el debut de la liga con un gran partido de <strong>Ylenia Estrella<\/strong>, que se asoci\u00f3 muy bien con sus compa\u00f1eras en el mediocampo y gener\u00f3 peligro en ataque. <strong>Yle<\/strong> es una de las destacadas del cuadro blanquiazul.<br><br>La portera<strong> Elene Aldekoa <\/strong>fue clave en la victoria del <strong>Athletic Club B,<\/strong> que venci\u00f3 1-0. La meta fue clave en el triunfo al dejar la porter\u00eda a cero con una gran actuaci\u00f3n bajo palos.<br><br><strong>Naroa Santona<\/strong> lider\u00f3 el mediocampo del <strong>CD Atl\u00e9tico Baleares,<\/strong> que se llev\u00f3 a casa los tres puntos en el primer partido de la temporada. <strong>Santana<\/strong> gui\u00f3 al cuadro mallorqu\u00edn para sumar tres puntos y empezar la temporada con el pie derecho.<\/p>\n\n\n<div class=\"wp-block-image\">\n<figure class=\"aligncenter size-large is-resized\"><img fetchpriority=\"high\" decoding=\"async\" width=\"576\" height=\"1024\" src=\"https:\/\/www.emartsoccer.es\/wp-content\/uploads\/2025\/09\/WhatsApp-Image-2025-09-09-at-22.10.32-576x1024.jpeg\" alt=\"\" class=\"wp-image-63190\" style=\"width:233px;height:auto\"\/><\/figure>\n<\/div>","protected":false},"excerpt":{"rendered":"<p>Ylenia Estrella, Elene Aldekoa y Naroa Santana son las tres jugadoras destacadas para Emart&amp;Socccer en esta primera jornada de Segunda RFEF. La primera es clave en la parcela ofensiva del Espanyol, Elene Aldekoa dej\u00f3 la porter\u00eda a cero del Athletic Club B y Naroa Santana lider\u00f3 el centro del campo del CD Atl\u00e9tico Baleares. El [&hellip;]<\/p>\n","protected":false},"author":7,"featured_media":63188,"comment_status":"closed","ping_status":"closed","sticky":false,"template":"","format":"standard","meta":{"footnotes":""},"categories":[593],"tags":[],"class_list":["post-63183","post","type-post","status-publish","format-standard","has-post-thumbnail","hentry","category-noticia-femenino"],"_links":{"self":[{"href":"https:\/\/www.emartsoccer.es\/en\/wp-json\/wp\/v2\/posts\/63183","targetHints":{"allow":["GET"]}}],"collection":[{"href":"https:\/\/www.emartsoccer.es\/en\/wp-json\/wp\/v2\/posts"}],"about":[{"href":"https:\/\/www.emartsoccer.es\/en\/wp-json\/wp\/v2\/types\/post"}],"author":[{"embeddable":true,"href":"https:\/\/www.emartsoccer.es\/en\/wp-json\/wp\/v2\/users\/7"}],"replies":[{"embeddable":true,"href":"https:\/\/www.emartsoccer.es\/en\/wp-json\/wp\/v2\/comments?post=63183"}],"version-history":[{"count":3,"href":"https:\/\/www.emartsoccer.es\/en\/wp-json\/wp\/v2\/posts\/63183\/revisions"}],"predecessor-version":[{"id":63410,"href":"https:\/\/www.emartsoccer.es\/en\/wp-json\/wp\/v2\/posts\/63183\/revisions\/63410"}],"wp:featuredmedia":[{"embeddable":true,"href":"https:\/\/www.emartsoccer.es\/en\/wp-json\/wp\/v2\/media\/63188"}],"wp:attachment":[{"href":"https:\/\/www.emartsoccer.es\/en\/wp-json\/wp\/v2\/media?parent=63183"}],"wp:term":[{"taxonomy":"category","embeddable":true,"href":"https:\/\/www.emartsoccer.es\/en\/wp-json\/wp\/v2\/categories?post=63183"},{"taxonomy":"post_tag","embeddable":true,"href":"https:\/\/www.emartsoccer.es\/en\/wp-json\/wp\/v2\/tags?post=63183"}],"curies":[{"name":"wp","href":"https:\/\/api.w.org\/{rel}","templated":true}]}}