{"id":63135,"date":"2025-09-02T12:10:26","date_gmt":"2025-09-02T10:10:26","guid":{"rendered":"https:\/\/www.emartsoccer.es\/?p=63135"},"modified":"2025-09-02T12:16:30","modified_gmt":"2025-09-02T10:16:30","slug":"sergi-enrich-un-viejo-rockero-que-no-se-cansa-de-marcar-goles","status":"publish","type":"post","link":"https:\/\/www.emartsoccer.es\/en\/sergi-enrich-un-viejo-rockero-que-no-se-cansa-de-marcar-goles\/","title":{"rendered":"Sergi Enrich, un viejo rockero que no se cansa de marcar goles"},"content":{"rendered":"\n<p>Volvi\u00f3 a sonar el &#8216;<strong>Free From Desire<\/strong>&#8216; en el vestuario de la <strong>SD Huesca<\/strong> y lo volvi\u00f3 a hacer por culpa del de casi siempre, <strong>Sergi Enrich<\/strong>. Y no solo porque sea el encargado de enchufar el altavoz y el alma de la fiesta, sino que por segunda jornada consecutiva dio la victoria al conjunto altoaragon\u00e9s, esta vez contra uno de sus exequipos, la <strong>SD Eibar<\/strong>. <strong>El delantero menorqu\u00edn, que suma nada m\u00e1s y nada menos que 14 temporadas consecutivas marcando en el f\u00fatbol profesional, ha dado los \u00faltimos seis puntos a los azulgranas gracias a sus tantos.<\/strong><\/p>\n\n\n\n<p>Ha encontrado su sitio <strong>Sergi Enrich<\/strong> en la <strong>SD Huesca<\/strong>. Quiere al club y a la afici\u00f3n, algo rec\u00edproco. Y eso hace que saque su mejor versi\u00f3n, su instinto goleador m\u00e1s puro, el que demostr\u00f3 en esta tercera jornada de<strong> LaLiga Hypermotion<\/strong> al <strong>meter el pie donde a pocos se les ocurrir\u00eda meterlo para, en el 98&#8242; y con el tiempo extra ya cumplido, romper el empate en el marcador y dar el triunfo a los suyos frente a la SD Eibar (2-1), haciendo estallar la locura en El Alcoraz.<\/strong><\/p>\n\n\n\n<p>Despu\u00e9s de anotar el \u00fanico tanto del encuentro en la victoria de la <strong>SD Huesca<\/strong> ante el <strong>CD Mirand\u00e9s<\/strong> (0-1), <strong>Sergi Enrich<\/strong> se volvi\u00f3 a poner la capa de superh\u00e9roe. Y esta vez saltando al campo desde el banquillo: <strong>ingres\u00f3 al verde en el 55&#8242; despu\u00e9s ser titular las dos primeras jornadas de LaLiga Hypermotion, y reclam\u00f3 su sitio en el once de la mejor manera que sabe: marcando.<\/strong><\/p>\n\n\n\n<p>En propiedad a todos los efectos de la <strong>SD Huesca <\/strong>tras actuar en el conjunto altoaragon\u00e9s en calidad de cedido el pasado curso, <strong>Sergi Enrich<\/strong> va camino de igualar e incluso mejorar sus registros goleadores de la pasada campa\u00f1a, cuando sum\u00f3 siete tantos. El menorqu\u00edn ha arrancado la campa\u00f1a al nivel de sus mejores temporadas: <strong>no empezaba tan bien desde la temporada 2014-15, cuando marc\u00f3 dos dianas en las tres primeras jornadas con el CD Numancia, en la que acab\u00f3 siendo su mejor curso como profesional a nivel realizador al anotar 16 tantos.<\/strong> Para <strong>Sergi Enrich<\/strong> la edad es solo un n\u00famero y marcar goles es como ir en bicicleta: nunca se olvida. El balear, protagonista en el arranque de temporada de la <strong>SD Huesca<\/strong>, est\u00e1 con hambre y quiere m\u00e1s.<\/p>\n","protected":false},"excerpt":{"rendered":"<p>Volvi\u00f3 a sonar el &#8216;Free From Desire&#8216; en el vestuario de la SD Huesca y lo volvi\u00f3 a hacer por culpa del de casi siempre, Sergi Enrich. Y no solo porque sea el encargado de enchufar el altavoz y el alma de la fiesta, sino que por segunda jornada consecutiva dio la victoria al conjunto [&hellip;]<\/p>\n","protected":false},"author":7,"featured_media":63138,"comment_status":"closed","ping_status":"closed","sticky":false,"template":"","format":"standard","meta":{"footnotes":""},"categories":[594],"tags":[701,79],"class_list":["post-63135","post","type-post","status-publish","format-standard","has-post-thumbnail","hentry","category-noticia-masculino","tag-sd-huesca","tag-sergi-enrich"],"_links":{"self":[{"href":"https:\/\/www.emartsoccer.es\/en\/wp-json\/wp\/v2\/posts\/63135","targetHints":{"allow":["GET"]}}],"collection":[{"href":"https:\/\/www.emartsoccer.es\/en\/wp-json\/wp\/v2\/posts"}],"about":[{"href":"https:\/\/www.emartsoccer.es\/en\/wp-json\/wp\/v2\/types\/post"}],"author":[{"embeddable":true,"href":"https:\/\/www.emartsoccer.es\/en\/wp-json\/wp\/v2\/users\/7"}],"replies":[{"embeddable":true,"href":"https:\/\/www.emartsoccer.es\/en\/wp-json\/wp\/v2\/comments?post=63135"}],"version-history":[{"count":3,"href":"https:\/\/www.emartsoccer.es\/en\/wp-json\/wp\/v2\/posts\/63135\/revisions"}],"predecessor-version":[{"id":63143,"href":"https:\/\/www.emartsoccer.es\/en\/wp-json\/wp\/v2\/posts\/63135\/revisions\/63143"}],"wp:featuredmedia":[{"embeddable":true,"href":"https:\/\/www.emartsoccer.es\/en\/wp-json\/wp\/v2\/media\/63138"}],"wp:attachment":[{"href":"https:\/\/www.emartsoccer.es\/en\/wp-json\/wp\/v2\/media?parent=63135"}],"wp:term":[{"taxonomy":"category","embeddable":true,"href":"https:\/\/www.emartsoccer.es\/en\/wp-json\/wp\/v2\/categories?post=63135"},{"taxonomy":"post_tag","embeddable":true,"href":"https:\/\/www.emartsoccer.es\/en\/wp-json\/wp\/v2\/tags?post=63135"}],"curies":[{"name":"wp","href":"https:\/\/api.w.org\/{rel}","templated":true}]}}