{"id":63001,"date":"2025-08-29T09:37:22","date_gmt":"2025-08-29T07:37:22","guid":{"rendered":"https:\/\/www.emartsoccer.es\/?p=63001"},"modified":"2025-08-29T09:37:24","modified_gmt":"2025-08-29T07:37:24","slug":"vuelve-a-rodar-el-balon-en-primera-rfef-con-gran-protagonismo-de-emartsoccer","status":"publish","type":"post","link":"https:\/\/www.emartsoccer.es\/en\/vuelve-a-rodar-el-balon-en-primera-rfef-con-gran-protagonismo-de-emartsoccer\/","title":{"rendered":"Vuelve a rodar el bal\u00f3n en Primera RFEF con gran protagonismo de Emart&#038;Soccer"},"content":{"rendered":"\n<p>La tercera categor\u00eda del f\u00fatbol espa\u00f1ol, la<strong> Primera RFEF<\/strong>, ya est\u00e1 aqu\u00ed. Despu\u00e9s de una larga pretemporada, los 40 equipos que conforman la divisi\u00f3n de bronce se preparan para arrancar la competici\u00f3n regular, en la cual <strong>una campa\u00f1a m\u00e1s Emart&amp;Soccer tiene una gran presencia. <\/strong><\/p>\n\n\n\n<p>Con 45 representados en 25 equipos, 31 cambios de equipo y cuatro jugadores que se estrenan en la categor\u00eda, <strong>Emart&amp;Soccer<\/strong> vuelve a tener una importancia capital en <strong>Primera RFEF. Una categor\u00eda en la que contamos con representados en los mejores equipos de los dos grupos y con cl\u00e1sicos de la competici\u00f3n.<\/strong> Pero tambi\u00e9n con nuevas caras en ella, como la del mediocentro<strong> \u00d3scar Vacas (CE Europa)<\/strong>, la del extremo <strong>Valen G\u00f3mez<\/strong> y el goleador<strong> Marcos Moreno (CF Talavera)<\/strong> y el atacante <strong>Julen Lartitegi (Arenas Club).<\/strong><\/p>\n\n\n\n<p>Hasta 31 movimientos ha realizado este verano<strong> Emart&amp;Soccer <\/strong>en <strong>Primera RFEF<\/strong>. 31 jugadores que han cambiado de equipo y que arrancan la campa\u00f1a con muchas ganas, una temporada que empieza de cero para todos en una categor\u00eda siempre muy igualada. En el grupo 1, un <strong>N\u00e0stic de Tarragona<\/strong> con <strong>C\u00e9sar Morgado<\/strong> y el jovenc\u00edsimo<strong> Agust\u00edn Guti\u00e9rrez <\/strong>es uno de los principales favoritos, mientras que <strong>Pontevedra CF (V\u00edctor Eimil<\/strong>,<strong> Ander Vidorreta<\/strong>), <strong>Arenas Club <\/strong>(<strong>\u00c1lex Hidalgo<\/strong>, <strong>Julen Lartitegi<\/strong>), <strong>Real Avil\u00e9s Industrial <\/strong>(<strong>\u00c1lvaro Gete, Berto Cayarga<\/strong> y <strong>Borja Granero<\/strong>) y <strong>CP Cacere\u00f1o<\/strong> (<strong>Unai Rementeria<\/strong>) luchar\u00e1n por asentarse en la, para ellos, nueva categor\u00eda.<\/p>\n\n\n\n<p>Mientras, el gran favorito del grupo 2 es sin lugar a dudas un <strong>Real Murcia<\/strong> (<strong>Gianfranco Gazzaniga, David Vicente<\/strong>) que el pasado curso luch\u00f3 hasta pr\u00e1cticamente la \u00faltima jornada por el ascenso directo. <strong>UD Ibiza (Nacho Gonz\u00e1lez, David del Pozo<\/strong>), <strong>M\u00e9rida AD (Javi Lancho)<\/strong> y<strong> Antequera CF (Javi Ant\u00f3n, Luis Rivas)<\/strong>, que jugaron el play-off el curso anterior, tambi\u00e9n pelearan por todo. Por su parte, un reci\u00e9n ascendido <strong>Talavera CF <\/strong>(<strong>Aleix Roig, Valen G\u00f3mez, Marcos Moreno<\/strong>) que se ha reforzado bien tratar\u00e1 de aguantar la categor\u00eda.<\/p>\n\n\n\n<p>As\u00ed pues, empieza una temporada apasionante en <strong>Primera RFEF<\/strong> en la que desde<strong> Emart&amp;Soccer <\/strong>tendremos los ojos puestos en toda<strong> Espa\u00f1a<\/strong>, puesto que pr\u00e1cticamente en todos los rincones del territorio nacional contamos con representados. Estaremos muy atentos <strong>a una categor\u00eda que sentimos muy nuestra y que este curso se podr\u00e1 seguir en un amplio abanico televisivo<\/strong>, con todos y cada uno de los encuentros por las plataformas <strong>LaLiga+<\/strong> y<strong> Football Club <\/strong>y diez duelos por jornada en<strong> Digi+, Orange <\/strong>y<strong> Movistar Plus+<\/strong>, adem\u00e1s de algunos partidos en las televisiones auton\u00f3micas. Los 45 representados por <strong>Emart&amp;Soccer<\/strong> en <strong>Primera RFEF <\/strong>son los siguientes, repartidos por grupos:<\/p>\n\n\n\n<h2 class=\"wp-block-heading\">Grupo 1 <\/h2>\n\n\n\n<ul class=\"wp-block-list\">\n<li>David Carballo (Racing Ferrol)<\/li>\n\n\n\n<li>Javi Lancho (M\u00e9rida AD)<\/li>\n\n\n\n<li>Ander Izagirre (Athletic Club B)<\/li>\n\n\n\n<li>Adri\u00e1n Pereda, Erik Ruiz y Pablo Claver\u00eda (Zamora CF)<\/li>\n\n\n\n<li>Be\u00f1at de Jes\u00fas y Eric P\u00e9rez (Barakaldo CF)<\/li>\n\n\n\n<li>Iago L\u00f3pez, Pablo Trigueros e Iker Unzueta (CD Lugo)<\/li>\n\n\n\n<li>Dimitrios Stamatakis y Roberto Arroyo (Osasuna Promesas)<\/li>\n\n\n\n<li>Carlos de la Nava (Unionistas CF)<\/li>\n\n\n\n<li>V\u00edctor Eimil y Ander Vidorreta (Pontevedra CF)<\/li>\n\n\n\n<li>\u00c1lex Hidalgo y Julen Lartitegi (Arenas Club)<\/li>\n\n\n\n<li>Unai Rementeria (CP Cacere\u00f1o)<\/li>\n\n\n\n<li>\u00c1lvaro Gete, Berto Cayarga y Borja Granero (Real Avil\u00e9s Industrial)<\/li>\n\n\n\n<li>Aleix Roig, Valent\u00edn G\u00f3mez y Marcos Moreno (Talavera CF)<\/li>\n<\/ul>\n\n\n\n<h2 class=\"wp-block-heading\">Grupo 2<\/h2>\n\n\n\n<ul class=\"wp-block-list\">\n<li>Arnau Gaixas (CD Eldense)<\/li>\n\n\n\n<li>Imanol Baz y Christian Borrego &#8216;Chiki&#8217; (FC Cartagena)<\/li>\n\n\n\n<li>Gianfranco Gazzaniga y David Vicente (Real Murcia)<\/li>\n\n\n\n<li>Nacho Gonz\u00e1lez y David del Pozo (UD Ibiza)<\/li>\n\n\n\n<li>C\u00e9sar Morgado y Agust\u00edn Guti\u00e9rez (N\u00e0stic Tarragona)<\/li>\n\n\n\n<li>Javi Ant\u00f3n y Luis Rivas (Antequera CF)<\/li>\n\n\n\n<li>Alejandro Fern\u00e1ndez &#8216;Amigo&#8217; (SD Tarazona)<\/li>\n\n\n\n<li>Rub\u00e9n Cantero (H\u00e9rcules CF)<\/li>\n\n\n\n<li>Aleix Coch (Algeciras CF)<\/li>\n\n\n\n<li>Tarsi Aguado y Luis Vacas (AD Alcorc\u00f3n)<\/li>\n\n\n\n<li>Javi Feria, Dani Satoca y Zequi D\u00edaz (Atl\u00e9tico Sanluque\u00f1o)<\/li>\n\n\n\n<li>\u00d3scar Vacas (CE Europa)<\/li>\n<\/ul>\n","protected":false},"excerpt":{"rendered":"<p>La tercera categor\u00eda del f\u00fatbol espa\u00f1ol, la Primera RFEF, ya est\u00e1 aqu\u00ed. Despu\u00e9s de una larga pretemporada, los 40 equipos que conforman la divisi\u00f3n de bronce se preparan para arrancar la competici\u00f3n regular, en la cual una campa\u00f1a m\u00e1s Emart&amp;Soccer tiene una gran presencia. Con 45 representados en 25 equipos, 31 cambios de equipo y [&hellip;]<\/p>\n","protected":false},"author":7,"featured_media":63004,"comment_status":"closed","ping_status":"closed","sticky":false,"template":"","format":"standard","meta":{"footnotes":""},"categories":[594],"tags":[410],"class_list":["post-63001","post","type-post","status-publish","format-standard","has-post-thumbnail","hentry","category-noticia-masculino","tag-primera-rfef"],"_links":{"self":[{"href":"https:\/\/www.emartsoccer.es\/en\/wp-json\/wp\/v2\/posts\/63001","targetHints":{"allow":["GET"]}}],"collection":[{"href":"https:\/\/www.emartsoccer.es\/en\/wp-json\/wp\/v2\/posts"}],"about":[{"href":"https:\/\/www.emartsoccer.es\/en\/wp-json\/wp\/v2\/types\/post"}],"author":[{"embeddable":true,"href":"https:\/\/www.emartsoccer.es\/en\/wp-json\/wp\/v2\/users\/7"}],"replies":[{"embeddable":true,"href":"https:\/\/www.emartsoccer.es\/en\/wp-json\/wp\/v2\/comments?post=63001"}],"version-history":[{"count":4,"href":"https:\/\/www.emartsoccer.es\/en\/wp-json\/wp\/v2\/posts\/63001\/revisions"}],"predecessor-version":[{"id":63013,"href":"https:\/\/www.emartsoccer.es\/en\/wp-json\/wp\/v2\/posts\/63001\/revisions\/63013"}],"wp:featuredmedia":[{"embeddable":true,"href":"https:\/\/www.emartsoccer.es\/en\/wp-json\/wp\/v2\/media\/63004"}],"wp:attachment":[{"href":"https:\/\/www.emartsoccer.es\/en\/wp-json\/wp\/v2\/media?parent=63001"}],"wp:term":[{"taxonomy":"category","embeddable":true,"href":"https:\/\/www.emartsoccer.es\/en\/wp-json\/wp\/v2\/categories?post=63001"},{"taxonomy":"post_tag","embeddable":true,"href":"https:\/\/www.emartsoccer.es\/en\/wp-json\/wp\/v2\/tags?post=63001"}],"curies":[{"name":"wp","href":"https:\/\/api.w.org\/{rel}","templated":true}]}}