{"id":62910,"date":"2025-08-24T15:47:43","date_gmt":"2025-08-24T13:47:43","guid":{"rendered":"https:\/\/www.emartsoccer.es\/?p=62910"},"modified":"2025-08-24T16:26:32","modified_gmt":"2025-08-24T14:26:32","slug":"pablo-vazquez-alcanza-los-100-partidos-en-laliga-hypermotion","status":"publish","type":"post","link":"https:\/\/www.emartsoccer.es\/en\/pablo-vazquez-alcanza-los-100-partidos-en-laliga-hypermotion\/","title":{"rendered":"Pablo V\u00e1zquez alcanza los 100 partidos en LaLiga Hypermotion"},"content":{"rendered":"\n<p>D\u00eda grande para <strong>Pablo V\u00e1zquez<\/strong> en <strong>Ceuta<\/strong>. M\u00e1s all\u00e1 del <a href=\"https:\/\/www.realsporting.com\/noticias\/victoria-del-sporting-en-ceuta\" data-type=\"link\" data-id=\"https:\/\/www.realsporting.com\/noticias\/victoria-del-sporting-en-ceuta\">triunfo del <strong>Real Sporting<\/strong> con porter\u00eda a cero (0-1)<\/a>, victoria que supone que el cuadro asturiano sume un exitoso seis de seis, el central valenciano estuvo de celebraci\u00f3n. Y es que <strong>el duelo en la ciudad aut\u00f3noma supuso el partido n\u00famero cien del defensa en LaLiga Hypermotion<\/strong>, partidos en los que ha marcado cinco tantos y ha dado dos asistencias de gol. Del centenar de partidos disputados ha sido titular en 95 y ha completado los 90 minutos en 93.<\/p>\n\n\n\n<p><strong>Pablo V\u00e1zquez jug\u00f3 su primer encuentro en LaLiga Hypermotion en un ya lejano 21 de enero de 2018 con la camiseta del AD Alcorc\u00f3n<\/strong>, conjunto al que lleg\u00f3 a pr\u00e9stamo por el <strong>Granada CF<\/strong>; disput\u00f3 los \u00faltimos 15 minutos del encuentro ante el <strong>C\u00e1diz CF<\/strong>, encuentro en el que el equipo madrile\u00f1o se llev\u00f3 el triunfo por la m\u00ednima. Con el cuadro alfarero disput\u00f3 cinco encuentros y no fue hasta cinco campa\u00f1as despu\u00e9s que volver\u00eda a saborear las mieles de la <strong>Segunda divisi\u00f3n<\/strong>.<\/p>\n\n\n\n<p>Lo hizo con el <strong>Cartagena FC<\/strong>, equipo en el que estuvo dos cursos y acumul\u00f3 un total de 51 partidos y tres dianas. Tras ello, de nuevo un escal\u00f3n menos para reforzar a un hist\u00f3rico como el <strong>RC Deportivo de la Coru\u00f1a<\/strong>, equipo en el que fue clave para ascender a<strong> LaLiga Hypermotion<\/strong>. Con el cuadro gallego lo jug\u00f3 pr\u00e1cticamente todo en <strong>Primera RFEF<\/strong> y <strong>repiti\u00f3 la pasada temporada en Segunda divisi\u00f3n, siendo titular en 41 de las 42 jornadas.<\/strong><\/p>\n\n\n\n<p>Tras salir del <strong>RC Deportivo de la Coru\u00f1a, <\/strong><a href=\"https:\/\/www.emartsoccer.es\/pablo-vazquez-cambia-el-rc-deportivo-de-la-coruna-por-el-real-sporting-de-gijon\/\" data-type=\"link\" data-id=\"https:\/\/www.emartsoccer.es\/pablo-vazquez-cambia-el-rc-deportivo-de-la-coruna-por-el-real-sporting-de-gijon\/\"><strong>Pablo V\u00e1zquez <\/strong>ha recalado en el <strong>Real Sporting<\/strong><\/a>, donde es feliz y desde el primer d\u00eda se ha erigido como jefe de la zaga, sumando los 180 minutos de las dos primeras jornadas. Ello le hace ser<strong> uno de los futbolistas que m\u00e1s partidos acumula en las \u00faltimas dos campa\u00f1as en la categor\u00eda de plata del f\u00fatbol espa\u00f1ol<\/strong>, llegar a ser centenario en<strong> LaLiga Hypermotion<\/strong> y sumar 8.579 minutos en una competici\u00f3n en la que ha defendido los colores de cuatro equipos, disputando el 95,32 por ciento de los minutos posibles en los partidos en los que ha participado. \u00a1Muchas felicidades, <strong>Pablo<\/strong>! \u00a1Vamos a por m\u00e1s!<\/p>\n","protected":false},"excerpt":{"rendered":"<p>D\u00eda grande para Pablo V\u00e1zquez en Ceuta. M\u00e1s all\u00e1 del triunfo del Real Sporting con porter\u00eda a cero (0-1), victoria que supone que el cuadro asturiano sume un exitoso seis de seis, el central valenciano estuvo de celebraci\u00f3n. Y es que el duelo en la ciudad aut\u00f3noma supuso el partido n\u00famero cien del defensa en [&hellip;]<\/p>\n","protected":false},"author":7,"featured_media":62931,"comment_status":"closed","ping_status":"closed","sticky":false,"template":"","format":"standard","meta":{"footnotes":""},"categories":[594],"tags":[688,102],"class_list":["post-62910","post","type-post","status-publish","format-standard","has-post-thumbnail","hentry","category-noticia-masculino","tag-laliga-hypermotion","tag-pablo-vazquez"],"_links":{"self":[{"href":"https:\/\/www.emartsoccer.es\/en\/wp-json\/wp\/v2\/posts\/62910","targetHints":{"allow":["GET"]}}],"collection":[{"href":"https:\/\/www.emartsoccer.es\/en\/wp-json\/wp\/v2\/posts"}],"about":[{"href":"https:\/\/www.emartsoccer.es\/en\/wp-json\/wp\/v2\/types\/post"}],"author":[{"embeddable":true,"href":"https:\/\/www.emartsoccer.es\/en\/wp-json\/wp\/v2\/users\/7"}],"replies":[{"embeddable":true,"href":"https:\/\/www.emartsoccer.es\/en\/wp-json\/wp\/v2\/comments?post=62910"}],"version-history":[{"count":4,"href":"https:\/\/www.emartsoccer.es\/en\/wp-json\/wp\/v2\/posts\/62910\/revisions"}],"predecessor-version":[{"id":62935,"href":"https:\/\/www.emartsoccer.es\/en\/wp-json\/wp\/v2\/posts\/62910\/revisions\/62935"}],"wp:featuredmedia":[{"embeddable":true,"href":"https:\/\/www.emartsoccer.es\/en\/wp-json\/wp\/v2\/media\/62931"}],"wp:attachment":[{"href":"https:\/\/www.emartsoccer.es\/en\/wp-json\/wp\/v2\/media?parent=62910"}],"wp:term":[{"taxonomy":"category","embeddable":true,"href":"https:\/\/www.emartsoccer.es\/en\/wp-json\/wp\/v2\/categories?post=62910"},{"taxonomy":"post_tag","embeddable":true,"href":"https:\/\/www.emartsoccer.es\/en\/wp-json\/wp\/v2\/tags?post=62910"}],"curies":[{"name":"wp","href":"https:\/\/api.w.org\/{rel}","templated":true}]}}