{"id":62863,"date":"2025-08-19T18:12:01","date_gmt":"2025-08-19T16:12:01","guid":{"rendered":"https:\/\/www.emartsoccer.es\/?p=62863"},"modified":"2025-08-19T18:12:05","modified_gmt":"2025-08-19T16:12:05","slug":"edu-espiau-42-minutos-y-primer-gol-con-su-nuevo-equipo","status":"publish","type":"post","link":"https:\/\/www.emartsoccer.es\/en\/edu-espiau-42-minutos-y-primer-gol-con-su-nuevo-equipo\/","title":{"rendered":"Edu Espiau, 42 minutos y primer gol con su nuevo equipo"},"content":{"rendered":"\n<p>A la tercera fue la vencida para<strong> Edu Espiau<\/strong>. <strong>El canario se estren\u00f3 como goleador con su nuevo equipo, el Arka Gdynia<\/strong>, en el duelo que disput\u00f3 ante el <strong>GKS Katowice<\/strong>. Su diana redujo distancias antes del descanso, pero no pudo evitar la derrota de los suyos (4-1). A\u00fan as\u00ed, hace n\u00fameros para ser de la partida la pr\u00f3xima jornada.<\/p>\n\n\n\n<p>Porque<strong> Edu Espiau salt\u00f3<\/strong> al campo desde el banquillo por tercera jornada consecutiva, aunque esta vez lo hico antes del asueto, en el minuto 38 y con el <strong>Arka Gdynia<\/strong> dos goles por debajo en el marcador. Solo cuatro despu\u00e9s, el ariete nacido en <strong>Las Palmas de Gran Canaria<\/strong> <strong>cabece\u00f3 en el coraz\u00f3n del \u00e1rea un centro desde la izquierda para poner emoci\u00f3n al duelo de manera moment\u00e1nea.<\/strong> <\/p>\n\n\n\n<p>En sus dos encuentros anteriores, <strong>Edu Espiau <\/strong>tan solo hab\u00eda disputado 38 minutos saltando desde el banquillo, con lo que su primer gol con la camiseta del <strong>Arka Gdynia <\/strong>solo ha tardado 42 minutos en llegar. <strong>Es su gol m\u00e1s tempranero en sus nueve campa\u00f1as como amateur,<\/strong> superando el que marc\u00f3 tras 50&#8242; disputados en la primera jornada de la campa\u00f1a 2019-20 con la camiseta del Villarreal B ante el Levante UD (2-1). <\/p>\n\n\n\n<p><strong>Edu Espiau<\/strong>, <a href=\"https:\/\/www.emartsoccer.es\/el-futbol-en-polonia-echa-a-andar-con-un-gran-protagonismo-de-emartsoccer\/\" data-type=\"link\" data-id=\"https:\/\/www.emartsoccer.es\/el-futbol-en-polonia-echa-a-andar-con-un-gran-protagonismo-de-emartsoccer\/\">uno de los integrantes de la colonia <strong>Emart&amp;Soccer <\/strong>en <strong>Polonia<\/strong><\/a>,<a href=\"https:\/\/www.emartsoccer.es\/emartsoccer-amplia-su-presencia-en-polonia-edu-espiau-ficha-por-el-arka-gdyna\/\" data-type=\"link\" data-id=\"https:\/\/www.emartsoccer.es\/emartsoccer-amplia-su-presencia-en-polonia-edu-espiau-ficha-por-el-arka-gdyna\/\"> vive su primera experiencia en el extranjero en un equipo,<\/a> el <strong>Arka Gdynia<\/strong>, que disputa su segunda campa\u00f1a consecutiva en <strong>Ekstraklasa. <\/strong>El canario, que <strong>tiene su mejor marca goleadora en la temporada 2021-22 con la SD Ponferradina en la Segunda divisi\u00f3n espa\u00f1ola con siete dianas<\/strong>, quiere superar sus mejores registros. Ha comenzado con buen pie para hacerlo.<\/p>\n","protected":false},"excerpt":{"rendered":"<p>A la tercera fue la vencida para Edu Espiau. El canario se estren\u00f3 como goleador con su nuevo equipo, el Arka Gdynia, en el duelo que disput\u00f3 ante el GKS Katowice. Su diana redujo distancias antes del descanso, pero no pudo evitar la derrota de los suyos (4-1). A\u00fan as\u00ed, hace n\u00fameros para ser de [&hellip;]<\/p>\n","protected":false},"author":7,"featured_media":62866,"comment_status":"closed","ping_status":"closed","sticky":false,"template":"","format":"standard","meta":{"footnotes":""},"categories":[594],"tags":[821,757],"class_list":["post-62863","post","type-post","status-publish","format-standard","has-post-thumbnail","hentry","category-noticia-masculino","tag-arka-gdynia","tag-edu-espiau"],"_links":{"self":[{"href":"https:\/\/www.emartsoccer.es\/en\/wp-json\/wp\/v2\/posts\/62863","targetHints":{"allow":["GET"]}}],"collection":[{"href":"https:\/\/www.emartsoccer.es\/en\/wp-json\/wp\/v2\/posts"}],"about":[{"href":"https:\/\/www.emartsoccer.es\/en\/wp-json\/wp\/v2\/types\/post"}],"author":[{"embeddable":true,"href":"https:\/\/www.emartsoccer.es\/en\/wp-json\/wp\/v2\/users\/7"}],"replies":[{"embeddable":true,"href":"https:\/\/www.emartsoccer.es\/en\/wp-json\/wp\/v2\/comments?post=62863"}],"version-history":[{"count":1,"href":"https:\/\/www.emartsoccer.es\/en\/wp-json\/wp\/v2\/posts\/62863\/revisions"}],"predecessor-version":[{"id":62868,"href":"https:\/\/www.emartsoccer.es\/en\/wp-json\/wp\/v2\/posts\/62863\/revisions\/62868"}],"wp:featuredmedia":[{"embeddable":true,"href":"https:\/\/www.emartsoccer.es\/en\/wp-json\/wp\/v2\/media\/62866"}],"wp:attachment":[{"href":"https:\/\/www.emartsoccer.es\/en\/wp-json\/wp\/v2\/media?parent=62863"}],"wp:term":[{"taxonomy":"category","embeddable":true,"href":"https:\/\/www.emartsoccer.es\/en\/wp-json\/wp\/v2\/categories?post=62863"},{"taxonomy":"post_tag","embeddable":true,"href":"https:\/\/www.emartsoccer.es\/en\/wp-json\/wp\/v2\/tags?post=62863"}],"curies":[{"name":"wp","href":"https:\/\/api.w.org\/{rel}","templated":true}]}}