{"id":62814,"date":"2025-08-18T15:45:51","date_gmt":"2025-08-18T13:45:51","guid":{"rendered":"https:\/\/www.emartsoccer.es\/?p=62814"},"modified":"2025-08-18T15:45:53","modified_gmt":"2025-08-18T13:45:53","slug":"zequi-diaz-regresa-a-su-atletico-sanluqueno-cf","status":"publish","type":"post","link":"https:\/\/www.emartsoccer.es\/en\/zequi-diaz-regresa-a-su-atletico-sanluqueno-cf\/","title":{"rendered":"Zequi D\u00edaz regresa a &#8216;su&#8217; Atl\u00e9tico Sanluque\u00f1o CF"},"content":{"rendered":"\n<p>\u00bfD\u00f3nde mejor que en casa? Lo sabe<strong> Iago L\u00f3pez<\/strong>, que despu\u00e9s de una aventura en el <strong>Universitatea Craiova <\/strong>rumano <a href=\"https:\/\/www.emartsoccer.es\/iago-lopez-regresa-a-casa-y-se-convierte-en-nuevo-jugador-del-cd-lugo\/\" data-type=\"link\" data-id=\"https:\/\/www.emartsoccer.es\/iago-lopez-regresa-a-casa-y-se-convierte-en-nuevo-jugador-del-cd-lugo\/\">regres\u00f3 al equipo en el que se form\u00f3, el<strong> CD Lugo<\/strong><\/a>, y lo sabe tambi\u00e9n <strong>Zequi D\u00edaz (Sanl\u00facar de Barrameda, C\u00e1diz<\/strong>, 17 de enero de 1997). <strong>El extremo zurdo, que hace pocas semanas sali\u00f3 del Marbella FC, regresa al Atl\u00e9tico Sanluque\u00f1o CF, club que abandon\u00f3 hace tres temporadas.<\/strong><\/p>\n\n\n\n<p>La vuelta de<strong> Zequi D\u00edaz <\/strong>es el regreso del hijo pr\u00f3digo. Y es que <strong>el extremo fue pieza clave para que el Atl\u00e9tico Sanluque\u00f1o CF ascendiera a Primera RFEF la campa\u00f1a 2022-23, en la que anot\u00f3 15 dianas, dos de ellas en el &#8216;play-off&#8217; de ascenso.<\/strong> Su buen hacer ese curso le permiti\u00f3 dar el salto al<strong> Algeciras CF<\/strong> y, tras una temporada, pas\u00f3 a un <strong>CF Intercity <\/strong>en el que disput\u00f3 la primera vuelta de la pasada campa\u00f1a, jugando la segunda parte liguera en el citado <strong>Marbella FC<\/strong>.<\/p>\n\n\n\n<p>Con 72 partidos disputados en <strong>Primera RFEF <\/strong>y ocho goles en su haber, <strong>Zequi D\u00edaz vuelve a un Atl\u00e9tico Sanluque\u00f1o CF que suma su tercer jugador de Emart&amp;Soccer<\/strong> en su plantilla tras<strong> Javi Feria<\/strong>, que regresa al equipo tras<a href=\"https:\/\/www.emartsoccer.es\/alvaro-gete-roberto-alarcon-axel-ayala-y-javi-feria-ascienden-a-primera-rfef\/\" data-type=\"link\" data-id=\"https:\/\/www.emartsoccer.es\/alvaro-gete-roberto-alarcon-axel-ayala-y-javi-feria-ascienden-a-primera-rfef\/\"> una cesi\u00f3n al <strong>CE Sabadell<\/strong> en la que logr\u00f3 el ascenso a la categor\u00eda de bronce del f\u00fatbol espa\u00f1ol<\/a>, y <strong><a href=\"https:\/\/www.emartsoccer.es\/dani-satoca-seguira-en-primera-rfef-en-las-filas-del-atletico-sanluqueno-cf\/\" data-type=\"link\" data-id=\"https:\/\/www.emartsoccer.es\/dani-satoca-seguira-en-primera-rfef-en-las-filas-del-atletico-sanluqueno-cf\/\">un Dani Satoca que ha fichado este mismo verano por el equipo.<\/a><\/strong><\/p>\n","protected":false},"excerpt":{"rendered":"<p>\u00bfD\u00f3nde mejor que en casa? Lo sabe Iago L\u00f3pez, que despu\u00e9s de una aventura en el Universitatea Craiova rumano regres\u00f3 al equipo en el que se form\u00f3, el CD Lugo, y lo sabe tambi\u00e9n Zequi D\u00edaz (Sanl\u00facar de Barrameda, C\u00e1diz, 17 de enero de 1997). El extremo zurdo, que hace pocas semanas sali\u00f3 del Marbella [&hellip;]<\/p>\n","protected":false},"author":7,"featured_media":62817,"comment_status":"closed","ping_status":"closed","sticky":false,"template":"","format":"standard","meta":{"footnotes":""},"categories":[594],"tags":[754,820],"class_list":["post-62814","post","type-post","status-publish","format-standard","has-post-thumbnail","hentry","category-noticia-masculino","tag-atletico-sanluqueno-cf","tag-zequi-diaz"],"_links":{"self":[{"href":"https:\/\/www.emartsoccer.es\/en\/wp-json\/wp\/v2\/posts\/62814","targetHints":{"allow":["GET"]}}],"collection":[{"href":"https:\/\/www.emartsoccer.es\/en\/wp-json\/wp\/v2\/posts"}],"about":[{"href":"https:\/\/www.emartsoccer.es\/en\/wp-json\/wp\/v2\/types\/post"}],"author":[{"embeddable":true,"href":"https:\/\/www.emartsoccer.es\/en\/wp-json\/wp\/v2\/users\/7"}],"replies":[{"embeddable":true,"href":"https:\/\/www.emartsoccer.es\/en\/wp-json\/wp\/v2\/comments?post=62814"}],"version-history":[{"count":1,"href":"https:\/\/www.emartsoccer.es\/en\/wp-json\/wp\/v2\/posts\/62814\/revisions"}],"predecessor-version":[{"id":62819,"href":"https:\/\/www.emartsoccer.es\/en\/wp-json\/wp\/v2\/posts\/62814\/revisions\/62819"}],"wp:featuredmedia":[{"embeddable":true,"href":"https:\/\/www.emartsoccer.es\/en\/wp-json\/wp\/v2\/media\/62817"}],"wp:attachment":[{"href":"https:\/\/www.emartsoccer.es\/en\/wp-json\/wp\/v2\/media?parent=62814"}],"wp:term":[{"taxonomy":"category","embeddable":true,"href":"https:\/\/www.emartsoccer.es\/en\/wp-json\/wp\/v2\/categories?post=62814"},{"taxonomy":"post_tag","embeddable":true,"href":"https:\/\/www.emartsoccer.es\/en\/wp-json\/wp\/v2\/tags?post=62814"}],"curies":[{"name":"wp","href":"https:\/\/api.w.org\/{rel}","templated":true}]}}