{"id":62761,"date":"2025-08-15T08:24:41","date_gmt":"2025-08-15T06:24:41","guid":{"rendered":"https:\/\/www.emartsoccer.es\/?p=62761"},"modified":"2025-08-15T08:44:00","modified_gmt":"2025-08-15T06:44:00","slug":"la-hora-de-la-verdad-el-balon-echa-a-andar-en-laliga","status":"publish","type":"post","link":"https:\/\/www.emartsoccer.es\/en\/la-hora-de-la-verdad-el-balon-echa-a-andar-en-laliga\/","title":{"rendered":"La hora de la verdad: el bal\u00f3n echa a andar en LaLiga"},"content":{"rendered":"\n<p>Pleno verano y temperaturas sofocantes, pero ello no es impedimento para que la temporada futbol\u00edstica en <strong>Espa\u00f1a <\/strong>d\u00e9 el pistoletazo de salida. Tras una pretemporada exigente, l<strong>os 16 representados de Emart&amp;Soccer entre LaLiga Ea Sports y LaLiga Hypermotin encaran la primera jornada con la ambici\u00f3n de empezar con tres puntos <\/strong>que les permitan poner la primera piedra para lograr el objetivo.<\/p>\n\n\n\n<p>Dos de ellos,<strong> Carlos Vicente<\/strong> y <strong>Abde Rebbach<\/strong>, militan en el <strong>Deportivo Alav\u00e9s<\/strong> de<strong> LaLiga Hypermotion<\/strong>. El primero se ha convertido en una pieza fundamental para el cuadro vitoriano en tan solo campa\u00f1a y media, y es uno de los jugadores m\u00e1s queridos por la afici\u00f3n babazorra. Un pu\u00f1al por la banda derecha, este curso 2025-26 volver\u00e1 a ser clave para el esquema de <strong>Eduardo Coudet <\/strong>con sus goles y asistencias. Por su parte, <strong>Abde Rebbach regresa a Primera divisi\u00f3n despu\u00e9s de jugar a pr\u00e9stamo en las filas del Granada CF<\/strong>, en la categor\u00eda de plata, la segunda vuelta del pasado curso; el extremo argelino firm\u00f3 grandes actuaciones que le han permitido regresar al <strong>Deportivo Alav\u00e9s<\/strong>, donde busca hacerse un hueco gracias a su desequilibrio y potencia por banda. El cuadro vitoriano se estrena en casa, en <strong>Mendizorra<\/strong>, el s\u00e1bado 16 de agosto a las 21.30 horas.<\/p>\n\n\n\n<p><strong>El resto de jugadores de Emart&amp;Soccer actu\u00e1n en una Liga Hypermotion<\/strong> que arranca con dos encuentros con protagonismo: los reci\u00e9n ascendidos <strong>Cultural Leonesa<\/strong> y <strong>AD Ceuta<\/strong> debutan a las 21.30 horas en los terrenos de juego de <strong>Burgos CF<\/strong> y <strong>Real Valladolid<\/strong>, respectivamente.<\/p>\n\n\n\n<figure class=\"wp-block-image size-large\"><img fetchpriority=\"high\" decoding=\"async\" width=\"1024\" height=\"576\" src=\"https:\/\/www.emartsoccer.es\/wp-content\/uploads\/2025\/08\/carlos_vicente_emart-1024x576.jpg\" alt=\"\" class=\"wp-image-62766\"\/><\/figure>\n\n\n\n<h2 class=\"wp-block-heading\">Gran protagonismo de Emart&amp;Soccer en LaLiga Hypermotion<\/h2>\n\n\n\n<p><strong>Eneko Satr\u00fastegui, Quique Fornos, Sergio Maestre<\/strong> y <a href=\"https:\/\/www.emartsoccer.es\/rafa-tresaco-regresa-a-laliga-hypermotion-de-la-mano-de-la-cultural-leonesa\/\" data-type=\"link\" data-id=\"https:\/\/www.emartsoccer.es\/rafa-tresaco-regresa-a-laliga-hypermotion-de-la-mano-de-la-cultural-leonesa\/\">un<strong> Rafa Tresaco<\/strong> llegado este verano desde el <strong>Zamora CF<\/strong><\/a> jugar\u00e1n en el<strong> Jos\u00e9 Zorrilla <\/strong>con la<strong> Cultural Leonesa<\/strong>, mientras que <a href=\"https:\/\/www.emartsoccer.es\/pedro-lopez-este-ascenso-es-una-recompensa-muy-grande-al-trabajo-de-los-ultimos-ocho-anos\/\" data-type=\"link\" data-id=\"https:\/\/www.emartsoccer.es\/pedro-lopez-este-ascenso-es-una-recompensa-muy-grande-al-trabajo-de-los-ultimos-ocho-anos\/\">un <strong>Pedro L\u00f3pez<\/strong> que regresa al f\u00fatbol profesional tras varias campa\u00f1as<\/a>, <strong>Rub\u00e9n D\u00edez<\/strong> y <a href=\"https:\/\/www.emartsoccer.es\/diego-gonzalez-corazon-y-pundonor-para-la-defensa-de-la-ad-ceuta\/\">el reci\u00e9n incorporado <strong>Diego Gonz\u00e1lez<\/strong><\/a><strong> <\/strong>har\u00e1n lo propio en<strong> El Plant\u00edo<\/strong> con la <strong>AD Ceuta<\/strong>.<\/p>\n\n\n\n<p>El s\u00e1bado 16 a las 17.30 horas, turno para el<strong> Real Racing Club<\/strong> de <strong>Jeremy Ar\u00e9valo,<\/strong> que <a href=\"https:\/\/www.realracingclub.es\/noticias\/el-racing-amplia-el-contrato-de-jeremy-hasta-2027\" data-type=\"link\" data-id=\"https:\/\/www.realracingclub.es\/noticias\/el-racing-amplia-el-contrato-de-jeremy-hasta-2027\">ha renovado su contrato con el club c\u00e1ntabro hasta 2027 <\/a>y que ha realizado una gran pretemporada; el cuadro racinguista recibe al <strong>CD Castell\u00f3n.<\/strong> M\u00e1s adelante, a las 19.30 horas, <strong>Jair Amador <\/strong>y <strong>Lander Olaetxea<\/strong> debutar\u00e1n oficialmente con su nuevo equipo, la<strong> SD Eibar<\/strong>, en <strong>La Rosaleda<\/strong> ante el <strong>M\u00e1laga CF<\/strong>; <a href=\"https:\/\/www.emartsoccer.es\/jair-amador-he-pasado-cinco-temporadas-maravillosas-pero-habia-perdido-la-ilusion-por-continuar-en-el-real-zaragoza\/\" data-type=\"link\" data-id=\"https:\/\/www.emartsoccer.es\/jair-amador-he-pasado-cinco-temporadas-maravillosas-pero-habia-perdido-la-ilusion-por-continuar-en-el-real-zaragoza\/\">el primero busca volver a sentirse valorado tras una \u00faltima campa\u00f1a complicada en el <strong>Real Zaragoza<\/strong><\/a> y <strong>Olaetxea<\/strong> <a href=\"https:\/\/www.emartsoccer.es\/lander-olaetxea-refuerza-la-medular-de-la-sd-eibar\/\">seguir siendo importante en la medular, esta vez como armero.<\/a><\/p>\n\n\n\n<figure class=\"wp-block-image size-large\"><img decoding=\"async\" width=\"1024\" height=\"576\" src=\"https:\/\/www.emartsoccer.es\/wp-content\/uploads\/2025\/08\/jair_amador_emart-1024x576.jpg\" alt=\"\" class=\"wp-image-62768\"\/><\/figure>\n\n\n\n<p>Ya el domingo 17 es turno de la<strong> SD Huesca <\/strong>de <strong>Julio Alonso<\/strong>, que<a href=\"https:\/\/www.emartsoccer.es\/julio-alonso-recorrera-la-banda-izquierda-de-el-alcoraz-con-la-sd-huesca\/\"> ha llegado libre tras estar a punto de lograr la machada del ascenso con el<strong> CD Mirand\u00e9s<\/strong>,<\/a> y de <a href=\"https:\/\/www.emartsoccer.es\/sergi-enrich-firma-en-propiedad-con-la-sd-huesca-y-seguira-vistiendo-de-azulgrana\/\" data-type=\"link\" data-id=\"https:\/\/www.emartsoccer.es\/sergi-enrich-firma-en-propiedad-con-la-sd-huesca-y-seguira-vistiendo-de-azulgrana\/\">un<strong> Sergi Enrich <\/strong>que ya es propiedad del cuadro altoaragon\u00e9s tras jugar cedido la pasada temporada<\/a>. El conjunto dirigido por <strong>Manu Guill <\/strong>se estrena en<strong> El Alcoraz <\/strong>recibiendo al <strong>CD Legan\u00e9s<\/strong> a partir de las 19.30 horas, mientras el que tiene un largo viaje es <strong>Sergio Molina<\/strong> con el <strong>FC Andorra<\/strong>, que juega en el estadio de la<strong> UD Las Palmas<\/strong> a las 21.30 hora peniinsular.<\/p>\n\n\n\n<p><strong>El \u00faltimo jugador de Emart&amp;Soccer en LaLiga es Pablo V\u00e1zquez, <\/strong><a href=\"https:\/\/www.emartsoccer.es\/pablo-vazquez-cambia-el-rc-deportivo-de-la-coruna-por-el-real-sporting-de-gijon\/\" data-type=\"link\" data-id=\"https:\/\/www.emartsoccer.es\/pablo-vazquez-cambia-el-rc-deportivo-de-la-coruna-por-el-real-sporting-de-gijon\/\"><strong>este curso en el Real Sporting de Gij\u00f3n<\/strong> <strong>tras dos campa\u00f1as en el RC Deportivo de la Coru\u00f1a<\/strong><\/a>. El central, <a href=\"https:\/\/www.youtube.com\/watch?v=MxqY62Dqn2w&amp;list=PL6E2HFwb3gmD54Ebl-DBGO2-rrUcionAt\" data-type=\"link\" data-id=\"https:\/\/www.youtube.com\/watch?v=MxqY62Dqn2w&amp;list=PL6E2HFwb3gmD54Ebl-DBGO2-rrUcionAt\">feliz en su nuevo equipo <\/a>y muy cerca de ser centenario en <strong>Segunda divisi\u00f3n<\/strong>, se estrena en casa, en<strong> El Molin\u00f3n<\/strong>, el lunes 18 a las 19.00 horas ante el <strong>C\u00f3rdoba CF<\/strong>.<\/p>\n\n\n\n<p><strong>Desde Emart&amp;Soccer deseamos a nuestros representados que tenga una gran temporada y estamos convencidos que, tras una ardua preparaci\u00f3n, est\u00e1n m\u00e1s que listos para afrontar un curso ilusionante. <\/strong>\u00a1Mucha suerte a todos!<\/p>\n\n\n\n<figure class=\"wp-block-image size-large\"><img decoding=\"async\" width=\"1024\" height=\"576\" src=\"https:\/\/www.emartsoccer.es\/wp-content\/uploads\/2025\/08\/pablo_vazquez_emart-1024x576.jpg\" alt=\"\" class=\"wp-image-62770\"\/><\/figure>\n","protected":false},"excerpt":{"rendered":"<p>Pleno verano y temperaturas sofocantes, pero ello no es impedimento para que la temporada futbol\u00edstica en Espa\u00f1a d\u00e9 el pistoletazo de salida. Tras una pretemporada exigente, los 16 representados de Emart&amp;Soccer entre LaLiga Ea Sports y LaLiga Hypermotin encaran la primera jornada con la ambici\u00f3n de empezar con tres puntos que les permitan poner la [&hellip;]<\/p>\n","protected":false},"author":7,"featured_media":62764,"comment_status":"closed","ping_status":"closed","sticky":false,"template":"","format":"standard","meta":{"footnotes":""},"categories":[594],"tags":[674,688],"class_list":["post-62761","post","type-post","status-publish","format-standard","has-post-thumbnail","hentry","category-noticia-masculino","tag-laliga-ea-sports","tag-laliga-hypermotion"],"_links":{"self":[{"href":"https:\/\/www.emartsoccer.es\/en\/wp-json\/wp\/v2\/posts\/62761","targetHints":{"allow":["GET"]}}],"collection":[{"href":"https:\/\/www.emartsoccer.es\/en\/wp-json\/wp\/v2\/posts"}],"about":[{"href":"https:\/\/www.emartsoccer.es\/en\/wp-json\/wp\/v2\/types\/post"}],"author":[{"embeddable":true,"href":"https:\/\/www.emartsoccer.es\/en\/wp-json\/wp\/v2\/users\/7"}],"replies":[{"embeddable":true,"href":"https:\/\/www.emartsoccer.es\/en\/wp-json\/wp\/v2\/comments?post=62761"}],"version-history":[{"count":1,"href":"https:\/\/www.emartsoccer.es\/en\/wp-json\/wp\/v2\/posts\/62761\/revisions"}],"predecessor-version":[{"id":62772,"href":"https:\/\/www.emartsoccer.es\/en\/wp-json\/wp\/v2\/posts\/62761\/revisions\/62772"}],"wp:featuredmedia":[{"embeddable":true,"href":"https:\/\/www.emartsoccer.es\/en\/wp-json\/wp\/v2\/media\/62764"}],"wp:attachment":[{"href":"https:\/\/www.emartsoccer.es\/en\/wp-json\/wp\/v2\/media?parent=62761"}],"wp:term":[{"taxonomy":"category","embeddable":true,"href":"https:\/\/www.emartsoccer.es\/en\/wp-json\/wp\/v2\/categories?post=62761"},{"taxonomy":"post_tag","embeddable":true,"href":"https:\/\/www.emartsoccer.es\/en\/wp-json\/wp\/v2\/tags?post=62761"}],"curies":[{"name":"wp","href":"https:\/\/api.w.org\/{rel}","templated":true}]}}