{"id":62755,"date":"2025-08-14T10:55:35","date_gmt":"2025-08-14T08:55:35","guid":{"rendered":"https:\/\/www.emartsoccer.es\/?p=62755"},"modified":"2025-08-14T10:55:37","modified_gmt":"2025-08-14T08:55:37","slug":"aleix-coch-seguira-esta-temporada-en-el-algeciras-cf","status":"publish","type":"post","link":"https:\/\/www.emartsoccer.es\/en\/aleix-coch-seguira-esta-temporada-en-el-algeciras-cf\/","title":{"rendered":"Aleix Coch seguir\u00e1 esta temporada en el Algeciras CF"},"content":{"rendered":"\n<p>Uno de los mejores centrales de <strong>Primera RFEF<\/strong> del pasado curso, <strong>Aleix Coch (Tarragona<\/strong>, 10 de octubre de 1991) ya tiene definido su futuro. Despu\u00e9s de acabar contrato con el<strong> Algeciras CF<\/strong>,<strong> el zaguero continuar\u00e1 una campa\u00f1a m\u00e1s en el cuadro andaluz, en el que fue pieza clave la campa\u00f1a anterior.<\/strong><\/p>\n\n\n\n<p>Dos dianas en 29 partidos logr\u00f3 la temporada pasada <strong>Aleix Coch <\/strong>con el <strong>Algeciras CF<\/strong>, conjunto con el que se qued\u00f3 a seis puntos del play-off de ascenso en <strong>Primera RFEF<\/strong> y con el que form\u00f3 pareja de centrales con otro miembro de esta casa, <a href=\"https:\/\/www.emartsoccer.es\/arnau-gaixas-a-un-gallito-de-la-primera-federacion-el-cd-eldense\/\" data-type=\"link\" data-id=\"https:\/\/www.emartsoccer.es\/arnau-gaixas-a-un-gallito-de-la-primera-federacion-el-cd-eldense\/\">un <strong>Arnau Gaixas <\/strong>que este mercado de fichajes ha recalado en el <strong>CD Eldense.<\/strong><\/a><strong> Jerarquia, experiencia, juego a\u00e9reo y buena salida de bal\u00f3n, las caracter\u00edsticas de un central que apunta a ser pieza clave de nuevo.<\/strong><\/p>\n\n\n\n<p>Formado en la cantera del <strong>N\u00e0stic de Tarragona, Aleix Coch<\/strong> desarrollo su carrera en el f\u00fatbol catal\u00e1n (el citado cuadro grana, <strong>CE L&#8217;Hospitalet, CF Badalona, CE Sabadell<\/strong>) hasta la campa\u00f1a 2022-23, cuando recal\u00f3 en el <strong>CF Fuenlabrada. Ah\u00ed pas\u00f3 una temporada, al igual que en la Cultural Leonesa antes de llegar al Algeciras CF la temporada anterior.<\/strong><\/p>\n\n\n\n<p>Con experiencia en <strong>Segunda divisi\u00f3n<\/strong>, categor\u00eda en la que ha disputado 20 partidos, <strong>Aleix Coch<\/strong> es todo un veterano en el tercer escal\u00f3n del f\u00fatbol espa\u00f1ol despu\u00e9s de jugar <strong>186 duelos en la extinta Segunda divisi\u00f3n B y 123 en Primera RFEF<\/strong>, donde esta temporada repetir\u00e1 de nuevo de la mano del <strong>Algeciras CF.<\/strong><\/p>\n","protected":false},"excerpt":{"rendered":"<p>Uno de los mejores centrales de Primera RFEF del pasado curso, Aleix Coch (Tarragona, 10 de octubre de 1991) ya tiene definido su futuro. Despu\u00e9s de acabar contrato con el Algeciras CF, el zaguero continuar\u00e1 una campa\u00f1a m\u00e1s en el cuadro andaluz, en el que fue pieza clave la campa\u00f1a anterior. Dos dianas en 29 [&hellip;]<\/p>\n","protected":false},"author":7,"featured_media":62758,"comment_status":"closed","ping_status":"closed","sticky":false,"template":"","format":"standard","meta":{"footnotes":""},"categories":[594],"tags":[818,819],"class_list":["post-62755","post","type-post","status-publish","format-standard","has-post-thumbnail","hentry","category-noticia-masculino","tag-aleix-coch","tag-algeciras-cf"],"_links":{"self":[{"href":"https:\/\/www.emartsoccer.es\/en\/wp-json\/wp\/v2\/posts\/62755","targetHints":{"allow":["GET"]}}],"collection":[{"href":"https:\/\/www.emartsoccer.es\/en\/wp-json\/wp\/v2\/posts"}],"about":[{"href":"https:\/\/www.emartsoccer.es\/en\/wp-json\/wp\/v2\/types\/post"}],"author":[{"embeddable":true,"href":"https:\/\/www.emartsoccer.es\/en\/wp-json\/wp\/v2\/users\/7"}],"replies":[{"embeddable":true,"href":"https:\/\/www.emartsoccer.es\/en\/wp-json\/wp\/v2\/comments?post=62755"}],"version-history":[{"count":1,"href":"https:\/\/www.emartsoccer.es\/en\/wp-json\/wp\/v2\/posts\/62755\/revisions"}],"predecessor-version":[{"id":62760,"href":"https:\/\/www.emartsoccer.es\/en\/wp-json\/wp\/v2\/posts\/62755\/revisions\/62760"}],"wp:featuredmedia":[{"embeddable":true,"href":"https:\/\/www.emartsoccer.es\/en\/wp-json\/wp\/v2\/media\/62758"}],"wp:attachment":[{"href":"https:\/\/www.emartsoccer.es\/en\/wp-json\/wp\/v2\/media?parent=62755"}],"wp:term":[{"taxonomy":"category","embeddable":true,"href":"https:\/\/www.emartsoccer.es\/en\/wp-json\/wp\/v2\/categories?post=62755"},{"taxonomy":"post_tag","embeddable":true,"href":"https:\/\/www.emartsoccer.es\/en\/wp-json\/wp\/v2\/tags?post=62755"}],"curies":[{"name":"wp","href":"https:\/\/api.w.org\/{rel}","templated":true}]}}