{"id":62649,"date":"2025-08-13T09:34:27","date_gmt":"2025-08-13T07:34:27","guid":{"rendered":"https:\/\/www.emartsoccer.es\/?p=62649"},"modified":"2025-08-13T09:44:04","modified_gmt":"2025-08-13T07:44:04","slug":"iker-unzueta-refuerza-la-parcela-ofensiva-del-cd-lugo","status":"publish","type":"post","link":"https:\/\/www.emartsoccer.es\/en\/iker-unzueta-refuerza-la-parcela-ofensiva-del-cd-lugo\/","title":{"rendered":"Iker Unzueta refuerza la parcela ofensiva del CD Lugo"},"content":{"rendered":"\n<p>Est\u00e1 reforz\u00e1ndose a consciencia el<strong> CD Lugo<\/strong>, y lo est\u00e1 haciendo con varios jugadores de<strong> Emart&amp;Soccer. <\/strong>Tras <a href=\"https:\/\/www.emartsoccer.es\/pablo-trigueros-apuntala-la-defensa-del-cd-lugo\/\" data-type=\"link\" data-id=\"https:\/\/www.emartsoccer.es\/pablo-trigueros-apuntala-la-defensa-del-cd-lugo\/\">las llegadas de<strong> Pablo Trigueros<\/strong> <\/a>y <a href=\"https:\/\/www.emartsoccer.es\/iago-lopez-regresa-a-casa-y-se-convierte-en-nuevo-jugador-del-cd-lugo\/\" data-type=\"link\" data-id=\"https:\/\/www.emartsoccer.es\/iago-lopez-regresa-a-casa-y-se-convierte-en-nuevo-jugador-del-cd-lugo\/\"><strong>Iago L\u00f3pez<\/strong>, que aterriz\u00f3 en el<strong> Anxo Carro<\/strong> hace pocas semanas<\/a>, <strong>el club lucense ha cerrado el fichaje de Iker Unzueta (Abadi\u00f1o, Vizcaya, 4 de agosto de 1998), delantero que llega procedente de la SD Huesca y que hace subir el nivel de la parecla ofensiva del cuadro lucense.<\/strong> Firma por una campa\u00f1a con opci\u00f3n a otra en funci\u00f3n de objetivos.<\/p>\n\n\n\n<p><strong>Iker Unzueta,<\/strong> que arranc\u00f3 la pasada campa\u00f1a en el<strong> FC Vizela<\/strong> luso con el que anot\u00f3 una diana en dos encuentros, jug\u00f3 28 partidos con la<strong> SD Huesca.<\/strong> Con el cuadro altoaragon\u00e9s marc\u00f3 dos goles, partiendo en la mayor\u00eda de los encuentros que disput\u00f3 desde el costado izquierdo del ataque del equipo.<strong> Suma 70 partidos en LaLiga Hypermotion.<\/strong><\/p>\n\n\n\n<p>Formado en la<strong> SCD Durango<\/strong>, sus goles llamaron la atenci\u00f3n de la <strong>SD Amorebieta<\/strong> en la campa\u00f1a 2020-21. Tras dos cursos en el equipo, siendo clave en la primera temporada para el ascenso a L<strong>aLiga Hypermotion<\/strong>, <strong>pas\u00f3 a la SD Logro\u00f1\u00e9s en Primera RFEF, donde explot\u00f3: 13 goles que le permitieron firmar por el FC Vizela luso.<\/strong><\/p>\n\n\n\n<p>En la segunda parte de la campa\u00f1a 2023-24 regres\u00f3 a la<strong> SD Amorebieta<\/strong> en calidad de cedido, donde recuper\u00f3 su mejor forma y anot\u00f3 cinco dianas en 20 partidos en<strong> LaLiga Hypermotion,<\/strong> lo que le hizo fichar por la<strong> SD Huesca <\/strong>el curso pasado. Sin excesivo protagonismo en el cuadro azulgrana,<strong><a href=\"https:\/\/www.emartsoccer.es\/iker-unzueta-trabajador-incansable-en-pro-del-equipo\/\" data-type=\"link\" data-id=\"https:\/\/www.emartsoccer.es\/iker-unzueta-trabajador-incansable-en-pro-del-equipo\/\"> un trabajador Iker Unzueta<\/a> busca volver a sentirse importante en un CD Lugo que este curso aspira a todo.<\/strong><\/p>\n","protected":false},"excerpt":{"rendered":"<p>Est\u00e1 reforz\u00e1ndose a consciencia el CD Lugo, y lo est\u00e1 haciendo con varios jugadores de Emart&amp;Soccer. Tras las llegadas de Pablo Trigueros y Iago L\u00f3pez, que aterriz\u00f3 en el Anxo Carro hace pocas semanas, el club lucense ha cerrado el fichaje de Iker Unzueta (Abadi\u00f1o, Vizcaya, 4 de agosto de 1998), delantero que llega procedente [&hellip;]<\/p>\n","protected":false},"author":7,"featured_media":62747,"comment_status":"closed","ping_status":"closed","sticky":false,"template":"","format":"standard","meta":{"footnotes":""},"categories":[594],"tags":[746,698],"class_list":["post-62649","post","type-post","status-publish","format-standard","has-post-thumbnail","hentry","category-noticia-masculino","tag-cd-lugo","tag-iker-unzueta"],"_links":{"self":[{"href":"https:\/\/www.emartsoccer.es\/en\/wp-json\/wp\/v2\/posts\/62649","targetHints":{"allow":["GET"]}}],"collection":[{"href":"https:\/\/www.emartsoccer.es\/en\/wp-json\/wp\/v2\/posts"}],"about":[{"href":"https:\/\/www.emartsoccer.es\/en\/wp-json\/wp\/v2\/types\/post"}],"author":[{"embeddable":true,"href":"https:\/\/www.emartsoccer.es\/en\/wp-json\/wp\/v2\/users\/7"}],"replies":[{"embeddable":true,"href":"https:\/\/www.emartsoccer.es\/en\/wp-json\/wp\/v2\/comments?post=62649"}],"version-history":[{"count":4,"href":"https:\/\/www.emartsoccer.es\/en\/wp-json\/wp\/v2\/posts\/62649\/revisions"}],"predecessor-version":[{"id":62749,"href":"https:\/\/www.emartsoccer.es\/en\/wp-json\/wp\/v2\/posts\/62649\/revisions\/62749"}],"wp:featuredmedia":[{"embeddable":true,"href":"https:\/\/www.emartsoccer.es\/en\/wp-json\/wp\/v2\/media\/62747"}],"wp:attachment":[{"href":"https:\/\/www.emartsoccer.es\/en\/wp-json\/wp\/v2\/media?parent=62649"}],"wp:term":[{"taxonomy":"category","embeddable":true,"href":"https:\/\/www.emartsoccer.es\/en\/wp-json\/wp\/v2\/categories?post=62649"},{"taxonomy":"post_tag","embeddable":true,"href":"https:\/\/www.emartsoccer.es\/en\/wp-json\/wp\/v2\/tags?post=62649"}],"curies":[{"name":"wp","href":"https:\/\/api.w.org\/{rel}","templated":true}]}}