{"id":62310,"date":"2025-07-28T20:00:21","date_gmt":"2025-07-28T18:00:21","guid":{"rendered":"https:\/\/www.emartsoccer.es\/?p=62310"},"modified":"2025-07-28T20:00:24","modified_gmt":"2025-07-28T18:00:24","slug":"unai-bujan-firma-por-el-ts-podbeskidzie-y-se-convierte-en-el-decimo-jugador-de-emartsoccer-en-polonia","status":"publish","type":"post","link":"https:\/\/www.emartsoccer.es\/en\/unai-bujan-firma-por-el-ts-podbeskidzie-y-se-convierte-en-el-decimo-jugador-de-emartsoccer-en-polonia\/","title":{"rendered":"Unai Buj\u00e1n firma por el TS Podbeskidzie y se convierte en el d\u00e9cimo jugador de Emart&#038;Soccer en Polonia"},"content":{"rendered":"\n<p>Decimosexto jugador en el extranjero y d\u00e9cimo en <strong>Polonia<\/strong> para <strong>Emart&amp;Soccer. Unai Buj\u00e1n (Barakaldo<\/strong>, 8 de febrero de 2001) <strong>ha firmado por una campa\u00f1a, con opci\u00f3n a otra m\u00e1s en funci\u00f3n de objetivos, por el TS Podbeskidzie Bielsko-Biala polaco<\/strong>, conjunto que milita en la <strong>Betclic 2 Liga<\/strong> y que el pasado curso se qued\u00f3 a las puertas de disputar el play-off de ascenso. El extremo, que <a href=\"https:\/\/www.emartsoccer.es\/unai-bujan\/\" data-type=\"link\" data-id=\"https:\/\/www.emartsoccer.es\/unai-bujan\/\">hace pocos meses se gradu\u00f3 en <strong>Medicina<\/strong><\/a>, vivir\u00e1 su primera experiencia en el extranjero.<\/p>\n\n\n\n<p><strong>Unai Buj\u00e1n,<\/strong> que en las \u00faltimas campa\u00f1as no se ha podido centrar al cien por cien en su carrera futbol\u00edstica al combinarla con sus estudios, sabe que esta temporada puede dedicarse plenamente al balompi\u00e9, con lo que su apuesta es firme. Con tan solo 24 a\u00f1os, <strong>el atacante vasco quiere demostrar su nivel en un equipo hist\u00f3rico en Polonia<\/strong>, que pese a encontrarse en <strong>Betclic 2 Liga<\/strong>, la tercera categor\u00eda del f\u00fatbol del pa\u00eds, ha disputado varias campa\u00f1as en<strong> Ekstraklasa<\/strong> en los \u00faltimos a\u00f1os.<\/p>\n\n\n\n<p>Pese a que<strong> Unai Buj\u00e1n <\/strong>no pod\u00eda dedicarse en cuerpo y alma al f\u00fatbol, sus \u00faltimas campa\u00f1as no han sido para nada malas. <strong>Debutante en la 2021-22 con el Sestao River en la extinta Segunda divisi\u00f3n B, curso en el que anot\u00f3 cuatro dianas, no ha abandonado la Primera RFEF desde entonces. SD Amorebieta<\/strong>, con la que marc\u00f3 cuatro dianas, tres goles en<strong> CA Osasuna B<\/strong> y uno esta \u00faltima campa\u00f1a en el<strong> Barakaldo CF <\/strong>son los registros que lo han llevado a un<strong> TS Podbeskidzie Bielsko-Biala <\/strong>polaco que podr\u00e1 exprimirlo. \u00a1Felicidades y a por todas,<strong> Unai<\/strong>!<\/p>\n","protected":false},"excerpt":{"rendered":"<p>Decimosexto jugador en el extranjero y d\u00e9cimo en Polonia para Emart&amp;Soccer. Unai Buj\u00e1n (Barakaldo, 8 de febrero de 2001) ha firmado por una campa\u00f1a, con opci\u00f3n a otra m\u00e1s en funci\u00f3n de objetivos, por el TS Podbeskidzie Bielsko-Biala polaco, conjunto que milita en la Betclic 2 Liga y que el pasado curso se qued\u00f3 a [&hellip;]<\/p>\n","protected":false},"author":7,"featured_media":62313,"comment_status":"closed","ping_status":"closed","sticky":false,"template":"","format":"standard","meta":{"footnotes":""},"categories":[594],"tags":[790,702],"class_list":["post-62310","post","type-post","status-publish","format-standard","has-post-thumbnail","hentry","category-noticia-masculino","tag-ts-podbeskidzie","tag-unai-bujan"],"_links":{"self":[{"href":"https:\/\/www.emartsoccer.es\/en\/wp-json\/wp\/v2\/posts\/62310","targetHints":{"allow":["GET"]}}],"collection":[{"href":"https:\/\/www.emartsoccer.es\/en\/wp-json\/wp\/v2\/posts"}],"about":[{"href":"https:\/\/www.emartsoccer.es\/en\/wp-json\/wp\/v2\/types\/post"}],"author":[{"embeddable":true,"href":"https:\/\/www.emartsoccer.es\/en\/wp-json\/wp\/v2\/users\/7"}],"replies":[{"embeddable":true,"href":"https:\/\/www.emartsoccer.es\/en\/wp-json\/wp\/v2\/comments?post=62310"}],"version-history":[{"count":1,"href":"https:\/\/www.emartsoccer.es\/en\/wp-json\/wp\/v2\/posts\/62310\/revisions"}],"predecessor-version":[{"id":62315,"href":"https:\/\/www.emartsoccer.es\/en\/wp-json\/wp\/v2\/posts\/62310\/revisions\/62315"}],"wp:featuredmedia":[{"embeddable":true,"href":"https:\/\/www.emartsoccer.es\/en\/wp-json\/wp\/v2\/media\/62313"}],"wp:attachment":[{"href":"https:\/\/www.emartsoccer.es\/en\/wp-json\/wp\/v2\/media?parent=62310"}],"wp:term":[{"taxonomy":"category","embeddable":true,"href":"https:\/\/www.emartsoccer.es\/en\/wp-json\/wp\/v2\/categories?post=62310"},{"taxonomy":"post_tag","embeddable":true,"href":"https:\/\/www.emartsoccer.es\/en\/wp-json\/wp\/v2\/tags?post=62310"}],"curies":[{"name":"wp","href":"https:\/\/api.w.org\/{rel}","templated":true}]}}