{"id":62288,"date":"2025-07-26T20:30:04","date_gmt":"2025-07-26T18:30:04","guid":{"rendered":"https:\/\/www.emartsoccer.es\/?p=62288"},"modified":"2025-07-26T20:30:08","modified_gmt":"2025-07-26T18:30:08","slug":"velocidad-y-descaro-para-el-antequera-cf-con-luis-rivas","status":"publish","type":"post","link":"https:\/\/www.emartsoccer.es\/en\/velocidad-y-descaro-para-el-antequera-cf-con-luis-rivas\/","title":{"rendered":"Velocidad y descaro para el Antequera CF con Luis Rivas"},"content":{"rendered":"\n<p>Cambio de grupo en<strong> Primera RFEF <\/strong>para el joven valor de <strong>Emart&amp;Soccer Luis Rivas (Choco, Colombia<\/strong>, 11 de julio de 2003). <strong>El extremo cafetero ha firmado hasta junio de 2027 por el Antequera CF,<\/strong> conjunto con el que tratar\u00e1 de seguir con su indudable evoluci\u00f3n futbol\u00edstica tras debutar en el f\u00fatbol profesional con el<strong> Zamora CF<\/strong>, su club de origen, y actuar la segunda parte de la pasada temporada cedido en la <strong>SD Tarazona.<\/strong><\/p>\n\n\n\n<p>Recal\u00f3 en el filial del <strong>Zamora CF Luis Rivas<\/strong> en el curso 2022-23, pero su buen hacer hizo que solo durara una campa\u00f1a all\u00ed y la siguiente ya pasara a formar parte del primer equipo. Tuvo poco protagonismo, pero <strong>su velocidad y desborde fueron tenidos muy en cuenta para un equipo que lo tuvo en sus filas la pasada campa\u00f1a.<\/strong><\/p>\n\n\n\n<p>Anot\u00f3 un gol y dio dos asistencias en 17 partidos, pero no acab\u00f3 de ganarse un sitio en el once, con lo que hizo las maletas en enero a la <strong>SD Tarazona<\/strong>, donde marc\u00f3 cuatro goles y dio una asistencia en 15 encuentros. <strong>Su buen hacer ha llamado la atenci\u00f3n de un Antequera CF<\/strong> que en la campa\u00f1a 2024-35 disput\u00f3 el play-off de ascenso, pero cay\u00f3 en semifinales. <\/p>\n\n\n\n<p>De este modo, un<strong> Luis Rivas que firm\u00f3 con Emart&amp;Soccer a finales de la pasada campa\u00f1a<\/strong> jugar\u00e1 en <strong>El Mauli<\/strong> hasta 2027, donde seguir\u00e1 creciendo y levantando a los aficionados con su f\u00fatbol el\u00e9ctrico. \u00a1Vamos a por todas, <strong>Luis<\/strong>!<\/p>\n","protected":false},"excerpt":{"rendered":"<p>Cambio de grupo en Primera RFEF para el joven valor de Emart&amp;Soccer Luis Rivas (Choco, Colombia, 11 de julio de 2003). El extremo cafetero ha firmado hasta junio de 2027 por el Antequera CF, conjunto con el que tratar\u00e1 de seguir con su indudable evoluci\u00f3n futbol\u00edstica tras debutar en el f\u00fatbol profesional con el Zamora [&hellip;]<\/p>\n","protected":false},"author":7,"featured_media":62291,"comment_status":"closed","ping_status":"closed","sticky":false,"template":"","format":"standard","meta":{"footnotes":""},"categories":[594],"tags":[788,787],"class_list":["post-62288","post","type-post","status-publish","format-standard","has-post-thumbnail","hentry","category-noticia-masculino","tag-antequera-cf","tag-luis-rivas"],"_links":{"self":[{"href":"https:\/\/www.emartsoccer.es\/en\/wp-json\/wp\/v2\/posts\/62288","targetHints":{"allow":["GET"]}}],"collection":[{"href":"https:\/\/www.emartsoccer.es\/en\/wp-json\/wp\/v2\/posts"}],"about":[{"href":"https:\/\/www.emartsoccer.es\/en\/wp-json\/wp\/v2\/types\/post"}],"author":[{"embeddable":true,"href":"https:\/\/www.emartsoccer.es\/en\/wp-json\/wp\/v2\/users\/7"}],"replies":[{"embeddable":true,"href":"https:\/\/www.emartsoccer.es\/en\/wp-json\/wp\/v2\/comments?post=62288"}],"version-history":[{"count":1,"href":"https:\/\/www.emartsoccer.es\/en\/wp-json\/wp\/v2\/posts\/62288\/revisions"}],"predecessor-version":[{"id":62293,"href":"https:\/\/www.emartsoccer.es\/en\/wp-json\/wp\/v2\/posts\/62288\/revisions\/62293"}],"wp:featuredmedia":[{"embeddable":true,"href":"https:\/\/www.emartsoccer.es\/en\/wp-json\/wp\/v2\/media\/62291"}],"wp:attachment":[{"href":"https:\/\/www.emartsoccer.es\/en\/wp-json\/wp\/v2\/media?parent=62288"}],"wp:term":[{"taxonomy":"category","embeddable":true,"href":"https:\/\/www.emartsoccer.es\/en\/wp-json\/wp\/v2\/categories?post=62288"},{"taxonomy":"post_tag","embeddable":true,"href":"https:\/\/www.emartsoccer.es\/en\/wp-json\/wp\/v2\/tags?post=62288"}],"curies":[{"name":"wp","href":"https:\/\/api.w.org\/{rel}","templated":true}]}}