{"id":62161,"date":"2025-07-22T11:33:06","date_gmt":"2025-07-22T09:33:06","guid":{"rendered":"https:\/\/www.emartsoccer.es\/?p=62161"},"modified":"2025-07-22T12:04:38","modified_gmt":"2025-07-22T10:04:38","slug":"jair-amador-recala-en-la-sd-eibar-y-seguira-jugando-en-laliga-hypermotion","status":"publish","type":"post","link":"https:\/\/www.emartsoccer.es\/en\/jair-amador-recala-en-la-sd-eibar-y-seguira-jugando-en-laliga-hypermotion\/","title":{"rendered":"Jair Amador recala en la SD Eibar y seguir\u00e1 jugando en LaLiga Hypermotion"},"content":{"rendered":"\n<p>Seguir\u00e1 engrosando su registro de partidos en<strong> LaLiga Hypermotion Jair Amador (Sao Jorge de Arroios, Portugal,<\/strong> 21 de agosto de 1989). El central, que no renov\u00f3 su contrato con el<strong> Real Zaragoza<\/strong> tras cinco campa\u00f1as en el club blanquillo, <strong>ha cerrado su incorporaci\u00f3n a la SD Eibar,<\/strong> donde coincidir\u00e1 con u<a href=\"https:\/\/www.emartsoccer.es\/lander-olaetxea-refuerza-la-medular-de-la-sd-eibar\/\" data-type=\"link\" data-id=\"https:\/\/www.emartsoccer.es\/lander-olaetxea-refuerza-la-medular-de-la-sd-eibar\/\">n <strong>Lander Olaetxea<\/strong> que hace semanas firm\u00f3 por el conjunto armero.<\/a><\/p>\n\n\n\n<p>La <strong>SD Eibar<\/strong> ser\u00e1 el tercer equipo de<strong> Jair Amador<\/strong> en <strong>LaLiga Hypermotion<\/strong>: de 2016 a 2018 defendi\u00f3 los colores de la <strong>SD Huesca<\/strong> y, tras dos campa\u00f1as en el<strong> Hapoel Tel Aviv<\/strong>, firm\u00f3 por el citado <strong>Real Zaragoza<\/strong> en 2020, donde estuvo hasta final del pasado curso.<strong> El zaguero acumula 232 encuentros en la categor\u00eda, con lo que la conoce perfectamente.<\/strong> Un refuerzo cargado de experiencia para la defensa armera que firma por una campa\u00f1a con opci\u00f3n a otra.<\/p>\n\n\n\n<p><a href=\"https:\/\/www.emartsoccer.es\/de-descarte-a-heroe-la-dificil-campana-de-jair-amador\/\" data-type=\"link\" data-id=\"https:\/\/www.emartsoccer.es\/de-descarte-a-heroe-la-dificil-campana-de-jair-amador\/\">Tras una campa\u00f1a dif\u00edcil a nivel personal en la que acab\u00f3 siendo vital para la permanencia del <strong>Real Zaragoza <\/strong>en<strong> LaLiga Hypermotion,<\/strong><\/a><strong> Jair Amador busca volver a sentirse futbolista en una SD Eibar que tiene como objetivo el ascenso a LaLiga EA Sports.<\/strong> Y para ello contar\u00e1 con un central de gran jerarqu\u00eda, veteran\u00eda y que ha disputado competici\u00f3n europea. \u00a1Felicidades y a por todas, <strong>Jair<\/strong>!<\/p>\n","protected":false},"excerpt":{"rendered":"<p>Seguir\u00e1 engrosando su registro de partidos en LaLiga Hypermotion Jair Amador (Sao Jorge de Arroios, Portugal, 21 de agosto de 1989). El central, que no renov\u00f3 su contrato con el Real Zaragoza tras cinco campa\u00f1as en el club blanquillo, ha cerrado su incorporaci\u00f3n a la SD Eibar, donde coincidir\u00e1 con un Lander Olaetxea que hace [&hellip;]<\/p>\n","protected":false},"author":7,"featured_media":62226,"comment_status":"closed","ping_status":"closed","sticky":false,"template":"","format":"standard","meta":{"footnotes":""},"categories":[594],"tags":[124,80],"class_list":["post-62161","post","type-post","status-publish","format-standard","has-post-thumbnail","hentry","category-noticia-masculino","tag-jair-amador","tag-sd-eibar"],"_links":{"self":[{"href":"https:\/\/www.emartsoccer.es\/en\/wp-json\/wp\/v2\/posts\/62161","targetHints":{"allow":["GET"]}}],"collection":[{"href":"https:\/\/www.emartsoccer.es\/en\/wp-json\/wp\/v2\/posts"}],"about":[{"href":"https:\/\/www.emartsoccer.es\/en\/wp-json\/wp\/v2\/types\/post"}],"author":[{"embeddable":true,"href":"https:\/\/www.emartsoccer.es\/en\/wp-json\/wp\/v2\/users\/7"}],"replies":[{"embeddable":true,"href":"https:\/\/www.emartsoccer.es\/en\/wp-json\/wp\/v2\/comments?post=62161"}],"version-history":[{"count":3,"href":"https:\/\/www.emartsoccer.es\/en\/wp-json\/wp\/v2\/posts\/62161\/revisions"}],"predecessor-version":[{"id":62228,"href":"https:\/\/www.emartsoccer.es\/en\/wp-json\/wp\/v2\/posts\/62161\/revisions\/62228"}],"wp:featuredmedia":[{"embeddable":true,"href":"https:\/\/www.emartsoccer.es\/en\/wp-json\/wp\/v2\/media\/62226"}],"wp:attachment":[{"href":"https:\/\/www.emartsoccer.es\/en\/wp-json\/wp\/v2\/media?parent=62161"}],"wp:term":[{"taxonomy":"category","embeddable":true,"href":"https:\/\/www.emartsoccer.es\/en\/wp-json\/wp\/v2\/categories?post=62161"},{"taxonomy":"post_tag","embeddable":true,"href":"https:\/\/www.emartsoccer.es\/en\/wp-json\/wp\/v2\/tags?post=62161"}],"curies":[{"name":"wp","href":"https:\/\/api.w.org\/{rel}","templated":true}]}}