{"id":62146,"date":"2025-07-17T19:26:27","date_gmt":"2025-07-17T17:26:27","guid":{"rendered":"https:\/\/www.emartsoccer.es\/?p=62146"},"modified":"2025-07-17T19:26:31","modified_gmt":"2025-07-17T17:26:31","slug":"el-wisla-krakow-seguira-contando-en-sus-filas-con-james-igbekeme","status":"publish","type":"post","link":"https:\/\/www.emartsoccer.es\/en\/el-wisla-krakow-seguira-contando-en-sus-filas-con-james-igbekeme\/","title":{"rendered":"El Wisla Krak\u00f3w seguir\u00e1 contando en sus filas con James Igbekeme"},"content":{"rendered":"\n<p>Vivir\u00e1 una nueva aventura<strong> James Igbekeme (Lagos, Nigeria<\/strong>, 4 de julio de 1995) en el<strong> Wisla Krak\u00f3w. <\/strong>Despu\u00e9s de finalizar contrato hace pocas semanas con el conjunto de la capital polaca, jugador y club han renegociado y<strong> se han comprometido a que el potente futbolista nigeriano defienda los colores de uno de los equipos con m\u00e1s historia de Polonia una temporada m\u00e1s.<\/strong><\/p>\n\n\n\n<p>Ser\u00e1 esta la segunda campa\u00f1a seguida que<strong> James Igbekeme<\/strong> defienda al <strong>Wisla Krak\u00f3w<\/strong>. Ya lo hizo con anterioridad, cuando fue cedido media temporada por el Real Zaragoza el curso 2023-24. Tras pasar por la <strong>SD Ponferradina<\/strong>, regres\u00f3 al conjunto polaco, que ha insistido mucho en su continuidad. Y es que <strong>el trabajo en la medular del africano es indispensable para un equipo que luchar\u00e1 por regresar a Ekstraklasa en su tercera campa\u00f1a consecutiva en Betclic 1 Liga.<\/strong><\/p>\n\n\n\n<p><strong>James Igbekeme,<\/strong> que la pasada temporada jug\u00f3 31 partidos y fue clave en el centro del campo del <strong>Wisla Krak\u00f3w<\/strong>, acumula 96 encuentros en la <strong>Segunda divisi\u00f3n<\/strong> espa\u00f1ola. <strong>Se carateriza por su fortaleza f\u00edsica y su gran trabajo defensivo, aunque no est\u00e1 exento de calidad con el bal\u00f3n en los pies, tal y como demuestran sus cinco asistencias la pasada campa\u00f1a.<\/strong> <\/p>\n\n\n\n<p>Con la continuidad de <strong>James Igbekeme,<\/strong> <strong>ya son nueve los futbolistas que Emart&amp;Soccer tiene en Polonia.<\/strong> En la misma categor\u00eda que el nigeriano,<strong> Betclic 1 Liga<\/strong>, encontramos a<strong> Marc Llinares (Slask Wroclaw), Ale D\u00edez <\/strong>y <strong>Mario Losada (FSK Stal Mielec)<\/strong>, <strong>Andreu Arasa (LKS Lodz)<\/strong> y<strong> Dani Sandoval (Wieczysta Wrocl\u00e1w)<\/strong>. Por su parte, en Ekstraklasa encontramos al incombustile<strong> Jorge F\u00e9lix (Piast Gliwice)<\/strong>, al excompa\u00f1ero de<strong> Igbekeme \u00c1ngel Baena (Widzew Lodz)<\/strong> y al reci\u00e9n llegado <strong>Edu Espiau (Arka Gydnia)<\/strong>.<\/p>\n","protected":false},"excerpt":{"rendered":"<p>Vivir\u00e1 una nueva aventura James Igbekeme (Lagos, Nigeria, 4 de julio de 1995) en el Wisla Krak\u00f3w. Despu\u00e9s de finalizar contrato hace pocas semanas con el conjunto de la capital polaca, jugador y club han renegociado y se han comprometido a que el potente futbolista nigeriano defienda los colores de uno de los equipos con [&hellip;]<\/p>\n","protected":false},"author":7,"featured_media":62149,"comment_status":"closed","ping_status":"closed","sticky":false,"template":"","format":"standard","meta":{"footnotes":""},"categories":[594],"tags":[774,775],"class_list":["post-62146","post","type-post","status-publish","format-standard","has-post-thumbnail","hentry","category-noticia-masculino","tag-james-igbekeme","tag-wisla-krakow"],"_links":{"self":[{"href":"https:\/\/www.emartsoccer.es\/en\/wp-json\/wp\/v2\/posts\/62146","targetHints":{"allow":["GET"]}}],"collection":[{"href":"https:\/\/www.emartsoccer.es\/en\/wp-json\/wp\/v2\/posts"}],"about":[{"href":"https:\/\/www.emartsoccer.es\/en\/wp-json\/wp\/v2\/types\/post"}],"author":[{"embeddable":true,"href":"https:\/\/www.emartsoccer.es\/en\/wp-json\/wp\/v2\/users\/7"}],"replies":[{"embeddable":true,"href":"https:\/\/www.emartsoccer.es\/en\/wp-json\/wp\/v2\/comments?post=62146"}],"version-history":[{"count":1,"href":"https:\/\/www.emartsoccer.es\/en\/wp-json\/wp\/v2\/posts\/62146\/revisions"}],"predecessor-version":[{"id":62151,"href":"https:\/\/www.emartsoccer.es\/en\/wp-json\/wp\/v2\/posts\/62146\/revisions\/62151"}],"wp:featuredmedia":[{"embeddable":true,"href":"https:\/\/www.emartsoccer.es\/en\/wp-json\/wp\/v2\/media\/62149"}],"wp:attachment":[{"href":"https:\/\/www.emartsoccer.es\/en\/wp-json\/wp\/v2\/media?parent=62146"}],"wp:term":[{"taxonomy":"category","embeddable":true,"href":"https:\/\/www.emartsoccer.es\/en\/wp-json\/wp\/v2\/categories?post=62146"},{"taxonomy":"post_tag","embeddable":true,"href":"https:\/\/www.emartsoccer.es\/en\/wp-json\/wp\/v2\/tags?post=62146"}],"curies":[{"name":"wp","href":"https:\/\/api.w.org\/{rel}","templated":true}]}}