{"id":61365,"date":"2025-06-16T14:08:28","date_gmt":"2025-06-16T12:08:28","guid":{"rendered":"https:\/\/www.emartsoccer.es\/?p=61365"},"modified":"2025-06-16T15:41:50","modified_gmt":"2025-06-16T13:41:50","slug":"angel-baena-jugara-el-proximo-curso-en-la-ekstraklasa-defendiendo-al-widzew-lodz","status":"publish","type":"post","link":"https:\/\/www.emartsoccer.es\/en\/angel-baena-jugara-el-proximo-curso-en-la-ekstraklasa-defendiendo-al-widzew-lodz\/","title":{"rendered":"\u00c1ngel Baena jugar\u00e1 el pr\u00f3ximo curso en la Ekstraklasa defendiendo al Widzew Lodz"},"content":{"rendered":"\n<p><a href=\"https:\/\/www.emartsoccer.es\/angel-baena-y-su-objetivo-de-levantar-a-un-historico\/\" data-type=\"link\" data-id=\"https:\/\/www.emartsoccer.es\/angel-baena-y-su-objetivo-de-levantar-a-un-historico\/\">Tras dos campa\u00f1as en la <strong>Betclic 1 Liga<\/strong> defendiendo los colores del <strong>Wisla Krak\u00f3w<\/strong><\/a><strong>, \u00c1ngel Baena<\/strong> (<strong>Barcelona<\/strong>, 13 de octubre de 2000) da el salto a la m\u00e1xima categor\u00eda del f\u00fatbol polaco, la<strong> Ekstraklasa<\/strong>, de la mano del <strong>Widzew Lodz<\/strong>. <strong>El extremo catal\u00e1n, que estaba libre tras finalizar su vinculaci\u00f3n con el cuadro capitalino, firma con su nuevo equipo un contrato de dos campa\u00f1as con opci\u00f3n a una tercera.<\/strong><\/p>\n\n\n\n<p>Llega <strong>\u00c1ngel Baena <\/strong>al <strong>Widzew Lodz<\/strong> tras dos campa\u00f1as muy intensas en el <strong>Wisla Krak\u00f3w<\/strong>, donde lleg\u00f3 tras dos cursos en el <strong>CD Lugo<\/strong>. El extremo derecho, formado en la <strong>Damm CF<\/strong> y con pasado en el filial del <strong>Real Betis<\/strong>, suma 63 partidos en la <strong>Betclic 1 Liga<\/strong> en las dos \u00faltimas temporadas, en las que ha ido ganando peso hasta convertirse en uno de los mejores atacantes de la categor\u00eda. <strong>Ello le ha servido para que varios clubes se fijaran en \u00e9l, siendo el Widzew Lodz el que se ha llevado el gato al agua.<\/strong><\/p>\n\n\n\n<p>&#8220;Estoy muy contento de unirme al equipo. Pas\u00e9 dos temporadas en <strong>Polonia<\/strong> y espero que la adaptaci\u00f3n al nuevo equipo sea fluida. Adem\u00e1s, estoy deseando jugar en este estadio. He visto muchos partidos del <strong>Widzew Lodz<\/strong> y cada vez el ambiente en las gradas me parec\u00eda incre\u00edble. Quiero vivirlo en primera persona.<strong> Creo que jugar en el Widzew Lodz ser\u00e1 un gran paso en mi carrera&#8221;<\/strong>, declar\u00f3 <strong>\u00c1ngel Baena <\/strong>en su presentaci\u00f3n con su nuevo equipo. &#8220;Quiero jugar en <strong>Ekstraklasa<\/strong> y estoy en el mejor equipo para hacerlo&#8221;, explic\u00f3 para su nuevo club, en unas declaraciones en las que a\u00f1adi\u00f3 c\u00f3mo juega y d\u00f3nde se siente m\u00e1s c\u00f3modo sobre el verde. &#8220;Puedo jugar en los dos extremos, pero me siento m\u00e1 c\u00f3modo en el derecho. Mi principarl virtud es el uno contra uno y la capacidad para crear ocasiones y que mis compa\u00f1eros se aprovechen de ello&#8221;,<\/p>\n\n\n\n<p>Tras ganar la <strong>Copa<\/strong> polaca en su primera campa\u00f1a en el <strong>Wisla Krak\u00f3w<\/strong>, jugar competiciones europeas en la segunda y disputar el play-off de ascenso, a <strong>\u00c1ngel Baena<\/strong> le ha llegado la hora de demostrar todo su potencial en <strong>Ekstraklasa. El atacante ha jugado este curso 2.677 minuto repartidos en 44 partidos, en los que ha marcado tres goles y ha dado 11 asistencias<\/strong>. \u00a1Enhorabuena,<strong> \u00c1ngel<\/strong>!<\/p>\n\n\n\n<figure class=\"wp-block-embed is-type-video is-provider-youtube wp-block-embed-youtube wp-embed-aspect-16-9 wp-has-aspect-ratio\"><div class=\"wp-block-embed__wrapper\">\n<iframe title=\"ANGEL BAENA ZAWODNIKIEM WIDZEWA \u0141\u00d3D\u0179\" width=\"800\" height=\"450\" src=\"https:\/\/www.youtube.com\/embed\/3rjqV9dZKFU?feature=oembed\" frameborder=\"0\" allow=\"accelerometer; autoplay; clipboard-write; encrypted-media; gyroscope; picture-in-picture; web-share\" referrerpolicy=\"strict-origin-when-cross-origin\" allowfullscreen><\/iframe>\n<\/div><\/figure>\n","protected":false},"excerpt":{"rendered":"<p>Tras dos campa\u00f1as en la Betclic 1 Liga defendiendo los colores del Wisla Krak\u00f3w, \u00c1ngel Baena (Barcelona, 13 de octubre de 2000) da el salto a la m\u00e1xima categor\u00eda del f\u00fatbol polaco, la Ekstraklasa, de la mano del Widzew Lodz. El extremo catal\u00e1n, que estaba libre tras finalizar su vinculaci\u00f3n con el cuadro capitalino, firma [&hellip;]<\/p>\n","protected":false},"author":7,"featured_media":61380,"comment_status":"closed","ping_status":"closed","sticky":false,"template":"","format":"standard","meta":{"footnotes":""},"categories":[594],"tags":[693,240,714],"class_list":["post-61365","post","type-post","status-publish","format-standard","has-post-thumbnail","hentry","category-noticia-masculino","tag-angel-baena","tag-ekstraklasa","tag-widzew-lodz"],"_links":{"self":[{"href":"https:\/\/www.emartsoccer.es\/en\/wp-json\/wp\/v2\/posts\/61365","targetHints":{"allow":["GET"]}}],"collection":[{"href":"https:\/\/www.emartsoccer.es\/en\/wp-json\/wp\/v2\/posts"}],"about":[{"href":"https:\/\/www.emartsoccer.es\/en\/wp-json\/wp\/v2\/types\/post"}],"author":[{"embeddable":true,"href":"https:\/\/www.emartsoccer.es\/en\/wp-json\/wp\/v2\/users\/7"}],"replies":[{"embeddable":true,"href":"https:\/\/www.emartsoccer.es\/en\/wp-json\/wp\/v2\/comments?post=61365"}],"version-history":[{"count":3,"href":"https:\/\/www.emartsoccer.es\/en\/wp-json\/wp\/v2\/posts\/61365\/revisions"}],"predecessor-version":[{"id":61392,"href":"https:\/\/www.emartsoccer.es\/en\/wp-json\/wp\/v2\/posts\/61365\/revisions\/61392"}],"wp:featuredmedia":[{"embeddable":true,"href":"https:\/\/www.emartsoccer.es\/en\/wp-json\/wp\/v2\/media\/61380"}],"wp:attachment":[{"href":"https:\/\/www.emartsoccer.es\/en\/wp-json\/wp\/v2\/media?parent=61365"}],"wp:term":[{"taxonomy":"category","embeddable":true,"href":"https:\/\/www.emartsoccer.es\/en\/wp-json\/wp\/v2\/categories?post=61365"},{"taxonomy":"post_tag","embeddable":true,"href":"https:\/\/www.emartsoccer.es\/en\/wp-json\/wp\/v2\/tags?post=61365"}],"curies":[{"name":"wp","href":"https:\/\/api.w.org\/{rel}","templated":true}]}}