{"id":61205,"date":"2025-06-09T20:11:43","date_gmt":"2025-06-09T18:11:43","guid":{"rendered":"https:\/\/www.emartsoccer.es\/?p=61205"},"modified":"2025-06-09T20:11:45","modified_gmt":"2025-06-09T18:11:45","slug":"sergi-enrich-finaliza-su-prestamo-a-la-sd-huesca-como-segundo-maximo-goleador-del-equipo","status":"publish","type":"post","link":"https:\/\/www.emartsoccer.es\/en\/sergi-enrich-finaliza-su-prestamo-a-la-sd-huesca-como-segundo-maximo-goleador-del-equipo\/","title":{"rendered":"Sergi Enrich finaliza su pr\u00e9stamo a la SD Huesca como segundo m\u00e1ximo goleador del equipo"},"content":{"rendered":"\n<p>Se ha quedado a las puertas de disputar el play-off de ascenso a<strong> LaLiga EA Sports<\/strong>, pero no por ello la temporada de la <strong>SD Huesca<\/strong> y de <strong>Sergi Enrich<\/strong> (<strong>Ciutadella de Menorca<\/strong>, 26 de febrero de 1990) deja de ser brillante. El delantero centro, que esta campa\u00f1a 2024-25 ha jugado cedido en la <strong>SD Huesca<\/strong> por el<strong> Real Zaragoza<\/strong>, <strong>ha regresado a sus mejores n\u00fameros realizadores y ha acabado el curso con siete tantos, siendo el segundo m\u00e1ximo realizador del equipo altoaragon\u00e9s junto a Joaqu\u00edn Mu\u00f1oz.<\/strong><\/p>\n\n\n\n<p>Ha sido capital <strong>Sergi Enrich <\/strong>para el entrenador de la <strong>SD Huesca, Antonio Hidalgo<\/strong>. El balear ha disputado un total de 2.180 minutos ligueros repartidos en 37 partidos, de los cuales ha sido titular en 26.<em> <\/em><strong>Las siete dianas anotadas le han dado al conjunto oscense cuatro puntos,<\/strong> puesto que anot\u00f3 el gol de la victoria en la visita al <strong>Nuevo Arc\u00e1ngel<\/strong> en la jornada 26, duelo en el que la <strong>SD Huesca <\/strong>se impuso por 1-2, y marc\u00f3 el gol del empate definitivo en el reparto de puntos ante el <strong>Albacete Balompi\u00e9<\/strong> en <strong>El Alcoraz<\/strong> (2-2), partido jugado en la jornada 9. Adem\u00e1s, destacable es su doblete en la jornada 17 contra uno de sus exequipos, el<strong> Real Oviedo <\/strong>(0-3); el delantero no celebr\u00f3 los goles por respeto.<\/p>\n\n\n\n<p><strong>Sergi Enrich<\/strong> no marcaba tantos goles en una misma temporada precisamente desde su etapa en el <strong>Real Oviedo<\/strong>, en la campa\u00f1a 2022-23.<strong> Los siete tantos que ha marcado esta campa\u00f1a son su quinta mejor marca de su carrera profesional,<\/strong> la cual ya hab\u00eda conseguido en la citada temporada con el cuadro carbay\u00f3n, en la 2018-19 con la <strong>SD Eibar<\/strong> y en la 2011-12 con la camiseta del <strong>RC Recreativo de Huelva.<\/strong> Con las dianas anotadas este curso, el menorqu\u00edn supera el centenar de goles en su carrera profesional y ya suma 106.<\/p>\n\n\n\n<p>A sus 35 a\u00f1os, <strong>Sergi Enrich<\/strong> sigue demostrando que lleva el gol en la sangre. El delantero ha vivido una campa\u00f1a muy especial en las filas de la<strong> SD Huesca<\/strong>, el que ha sido el noveno equipo de su carrera tras <strong>RCD Mallorca, RC Recreativo de Huelva, AD Alcorc\u00f3n, CD Numancia, SD Eibar, SD Ponferradina, Real Oviedo<\/strong> y <strong>Real Zaragoza<\/strong>, club al que pertenece.<\/p>\n\n\n\n<figure class=\"wp-block-image size-large\"><img fetchpriority=\"high\" decoding=\"async\" width=\"1024\" height=\"576\" src=\"https:\/\/www.emartsoccer.es\/wp-content\/uploads\/2025\/06\/sergi_enrich-1024x576.jpg\" alt=\"\" class=\"wp-image-61218\"\/><\/figure>\n","protected":false},"excerpt":{"rendered":"<p>Se ha quedado a las puertas de disputar el play-off de ascenso a LaLiga EA Sports, pero no por ello la temporada de la SD Huesca y de Sergi Enrich (Ciutadella de Menorca, 26 de febrero de 1990) deja de ser brillante. El delantero centro, que esta campa\u00f1a 2024-25 ha jugado cedido en la SD [&hellip;]<\/p>\n","protected":false},"author":7,"featured_media":61216,"comment_status":"closed","ping_status":"closed","sticky":false,"template":"","format":"standard","meta":{"footnotes":""},"categories":[594],"tags":[701,79],"class_list":["post-61205","post","type-post","status-publish","format-standard","has-post-thumbnail","hentry","category-noticia-masculino","tag-sd-huesca","tag-sergi-enrich"],"_links":{"self":[{"href":"https:\/\/www.emartsoccer.es\/en\/wp-json\/wp\/v2\/posts\/61205","targetHints":{"allow":["GET"]}}],"collection":[{"href":"https:\/\/www.emartsoccer.es\/en\/wp-json\/wp\/v2\/posts"}],"about":[{"href":"https:\/\/www.emartsoccer.es\/en\/wp-json\/wp\/v2\/types\/post"}],"author":[{"embeddable":true,"href":"https:\/\/www.emartsoccer.es\/en\/wp-json\/wp\/v2\/users\/7"}],"replies":[{"embeddable":true,"href":"https:\/\/www.emartsoccer.es\/en\/wp-json\/wp\/v2\/comments?post=61205"}],"version-history":[{"count":4,"href":"https:\/\/www.emartsoccer.es\/en\/wp-json\/wp\/v2\/posts\/61205\/revisions"}],"predecessor-version":[{"id":61221,"href":"https:\/\/www.emartsoccer.es\/en\/wp-json\/wp\/v2\/posts\/61205\/revisions\/61221"}],"wp:featuredmedia":[{"embeddable":true,"href":"https:\/\/www.emartsoccer.es\/en\/wp-json\/wp\/v2\/media\/61216"}],"wp:attachment":[{"href":"https:\/\/www.emartsoccer.es\/en\/wp-json\/wp\/v2\/media?parent=61205"}],"wp:term":[{"taxonomy":"category","embeddable":true,"href":"https:\/\/www.emartsoccer.es\/en\/wp-json\/wp\/v2\/categories?post=61205"},{"taxonomy":"post_tag","embeddable":true,"href":"https:\/\/www.emartsoccer.es\/en\/wp-json\/wp\/v2\/tags?post=61205"}],"curies":[{"name":"wp","href":"https:\/\/api.w.org\/{rel}","templated":true}]}}