{"id":61190,"date":"2025-06-06T08:55:25","date_gmt":"2025-06-06T06:55:25","guid":{"rendered":"https:\/\/www.emartsoccer.es\/?p=61190"},"modified":"2025-06-06T08:55:28","modified_gmt":"2025-06-06T06:55:28","slug":"carlos-gutierrez-en-busca-de-nuevos-retos","status":"publish","type":"post","link":"https:\/\/www.emartsoccer.es\/en\/carlos-gutierrez-en-busca-de-nuevos-retos\/","title":{"rendered":"Carlos Guti\u00e9rrez, en busca de nuevos retos"},"content":{"rendered":"\n<p>Regres\u00f3 al f\u00fatbol espa\u00f1ol en enero de 2024 tras una larga estancia de cuatro a\u00f1os en<strong> Jap\u00f3n<\/strong>, donde defendi\u00f3 las camisetas de <strong>Avispa Fukuoka, Tochigi SG, Machida Zelvia<\/strong> y<strong> V-V. Nagasaki<\/strong>. Una gran experiencia en un pa\u00eds tan ex\u00f3tico como el nip\u00f3n tras la que<strong> Carlos Guti\u00e9rrez<\/strong> (<strong>La Laguna, Tenerife<\/strong>, 4 de noviembre de 1991) fich\u00f3 por la <strong>SD Huesca<\/strong> y, posteriormente, por un <strong>Zamora CF <\/strong>con el que ha actuado esta campa\u00f1a en<strong> Primera RFEF<\/strong>. <strong>El central, que no ha renovado con el club rojiblanco, busca nuevos retos.<\/strong><\/p>\n\n\n\n<p>Con <strong>m\u00e1s de cien partidos a sus espaldas en LaLiga Hypermotion,<\/strong> la cual ha disputado con las camisetas de <strong>CD Legan\u00e9s, CD Numancia <\/strong>y <strong>SD Huesca, Carlos Guti\u00e9rrez<\/strong> ha jugado esta campa\u00f1a 2024-25 un total de 21 encuentros con el<strong> Zamora CF<\/strong> (1.359 minutos), en los que ha marcado un gol. El zaguero canario, canterano del <strong>CD Tenerife<\/strong> pero que dio el salto al profesionalismo tras estar durante dos campa\u00f1as en las filas del filial de la <strong>UD Las Palmas<\/strong> y jugar cedido en <strong>CD Legan\u00e9s<\/strong> y <strong>UD Las Palmas<\/strong>, destaca por su juego a\u00e9reo, trabajo y constancia. Ello fue lo que le llev\u00f3 a disputar el play-off de ascenso a<strong> LaLiga EA Sports <\/strong>en el curso 2017-18, como titular indiscutible, con el <strong>CD Numancia<\/strong>.<\/p>\n\n\n\n<p>Tras su buen trabajo en el conjunto soriano, <strong>Carlos Guti\u00e9rrez <\/strong>prob\u00f3 fortuna en la categor\u00eda de plata del f\u00fatbol japon\u00e9s,<strong> logrando un ascenso a la \u00e9lite nipona con el Avispa Fukuoka.<\/strong> Volvi\u00f3 a<strong> Espa\u00f1a<\/strong> con la mochila cargada de experiencias, buenas y no tan buenas como vivir el<strong> COVID-19<\/strong> en el pa\u00eds asi\u00e1tico y, tras una segunda parte de la pasada campa\u00f1a en la que tuvo poco protagonismo en la <strong>SD Huesca<\/strong>, en el <strong>Zamora CF<\/strong> ha estado a un buen nivel. Ahora, sin ning\u00fan tipo de ligadura con ning\u00fan club, un zaguero que ha vivido todo tipo de situaciones y que todav\u00eda tiene mucho que ofrecer busca destino. <\/p>\n\n\n\n<figure class=\"wp-block-image size-large\"><img fetchpriority=\"high\" decoding=\"async\" width=\"1024\" height=\"576\" src=\"https:\/\/www.emartsoccer.es\/wp-content\/uploads\/2025\/06\/carlos_gutierrez-1024x576.jpg\" alt=\"\" class=\"wp-image-61195\"\/><\/figure>\n","protected":false},"excerpt":{"rendered":"<p>Regres\u00f3 al f\u00fatbol espa\u00f1ol en enero de 2024 tras una larga estancia de cuatro a\u00f1os en Jap\u00f3n, donde defendi\u00f3 las camisetas de Avispa Fukuoka, Tochigi SG, Machida Zelvia y V-V. Nagasaki. Una gran experiencia en un pa\u00eds tan ex\u00f3tico como el nip\u00f3n tras la que Carlos Guti\u00e9rrez (La Laguna, Tenerife, 4 de noviembre de 1991) [&hellip;]<\/p>\n","protected":false},"author":7,"featured_media":61193,"comment_status":"closed","ping_status":"closed","sticky":false,"template":"","format":"standard","meta":{"footnotes":""},"categories":[594],"tags":[700],"class_list":["post-61190","post","type-post","status-publish","format-standard","has-post-thumbnail","hentry","category-noticia-masculino","tag-carlos-gutierez"],"_links":{"self":[{"href":"https:\/\/www.emartsoccer.es\/en\/wp-json\/wp\/v2\/posts\/61190","targetHints":{"allow":["GET"]}}],"collection":[{"href":"https:\/\/www.emartsoccer.es\/en\/wp-json\/wp\/v2\/posts"}],"about":[{"href":"https:\/\/www.emartsoccer.es\/en\/wp-json\/wp\/v2\/types\/post"}],"author":[{"embeddable":true,"href":"https:\/\/www.emartsoccer.es\/en\/wp-json\/wp\/v2\/users\/7"}],"replies":[{"embeddable":true,"href":"https:\/\/www.emartsoccer.es\/en\/wp-json\/wp\/v2\/comments?post=61190"}],"version-history":[{"count":2,"href":"https:\/\/www.emartsoccer.es\/en\/wp-json\/wp\/v2\/posts\/61190\/revisions"}],"predecessor-version":[{"id":61198,"href":"https:\/\/www.emartsoccer.es\/en\/wp-json\/wp\/v2\/posts\/61190\/revisions\/61198"}],"wp:featuredmedia":[{"embeddable":true,"href":"https:\/\/www.emartsoccer.es\/en\/wp-json\/wp\/v2\/media\/61193"}],"wp:attachment":[{"href":"https:\/\/www.emartsoccer.es\/en\/wp-json\/wp\/v2\/media?parent=61190"}],"wp:term":[{"taxonomy":"category","embeddable":true,"href":"https:\/\/www.emartsoccer.es\/en\/wp-json\/wp\/v2\/categories?post=61190"},{"taxonomy":"post_tag","embeddable":true,"href":"https:\/\/www.emartsoccer.es\/en\/wp-json\/wp\/v2\/tags?post=61190"}],"curies":[{"name":"wp","href":"https:\/\/api.w.org\/{rel}","templated":true}]}}