{"id":61179,"date":"2025-06-05T12:03:16","date_gmt":"2025-06-05T10:03:16","guid":{"rendered":"https:\/\/www.emartsoccer.es\/?p=61179"},"modified":"2025-11-28T15:29:31","modified_gmt":"2025-11-28T14:29:31","slug":"el-zamora-cf-nuevo-equipo-de-erik-ruiz","status":"publish","type":"post","link":"https:\/\/www.emartsoccer.es\/en\/el-zamora-cf-nuevo-equipo-de-erik-ruiz\/","title":{"rendered":"El Zamora CF, nuevo equipo de Erik Ruiz"},"content":{"rendered":"\n<p>Empiezan los movimientos de mercado y ya est\u00e1 aqu\u00ed la primera operaci\u00f3n del verano en clave <strong>Emart&amp;Soccer.<\/strong> <strong>El defensa central Erik Ruiz (Bilbao, 8 de marzo de 1995), que dej\u00f3 de formar parte del CD Lugo,<a href=\"https:\/\/www.zamoracf.es\/erik-ruiz-nuevo-fichaje-del-zamora-cf-para-la-temporada-25-26\/\" data-type=\"link\" data-id=\"https:\/\/www.zamoracf.es\/erik-ruiz-nuevo-fichaje-del-zamora-cf-para-la-temporada-25-26\/\"> ha fimado para la pr\u00f3xima campa\u00f1a por el Zamora CF<\/a><\/strong>, conjunto que compite en el grupo 1 de <strong>Primera Federaci\u00f3n<\/strong>.<\/p>\n\n\n\n<p><strong>Erik Ruiz<\/strong>, que este curso ha logrado la permanencia con el<strong> CD Lugo<\/strong> siendo una pieza clave para los tres entrenadores con los que ha contado el conjunto gallego, <strong>suma 107 partidos en Primera RFEF y 70 en la antigua<\/strong> <strong>Segunda divisi\u00f3n B<\/strong>. Esta campa\u00f1a, en la que incluso a portado el brazalete de capit\u00e1n, ha jugado 2.837 minutos en 32 partidos, en los que ha marcado tres goles y ha dado una asistencia.<\/p>\n\n\n\n<p><strong>El Zamora CF ser\u00e1 el s\u00e9ptimo equipo como profesional de Erik Ruiz. <\/strong>Tras formarse en la cantera del <strong>Athletic Club,<\/strong> el zaguero pas\u00f3 por<strong> Deportivo Alav\u00e9s B, Barakaldo CF, AD M\u00e9rida, Real Uni\u00f3n, Unionistas CF<\/strong> y su \u00faltimo equipo, el<strong> CD Lugo<\/strong>.<\/p>\n\n\n\n<figure class=\"wp-block-image size-large\"><img fetchpriority=\"high\" decoding=\"async\" width=\"1024\" height=\"576\" src=\"https:\/\/www.emartsoccer.es\/wp-content\/uploads\/2025\/06\/erik_ruiz-1024x576.jpg\" alt=\"\" class=\"wp-image-61184\"\/><\/figure>\n","protected":false},"excerpt":{"rendered":"<p>Empiezan los movimientos de mercado y ya est\u00e1 aqu\u00ed la primera operaci\u00f3n del verano en clave Emart&amp;Soccer. El defensa central Erik Ruiz (Bilbao, 8 de marzo de 1995), que dej\u00f3 de formar parte del CD Lugo, ha fimado para la pr\u00f3xima campa\u00f1a por el Zamora CF, conjunto que compite en el grupo 1 de Primera [&hellip;]<\/p>\n","protected":false},"author":7,"featured_media":61186,"comment_status":"closed","ping_status":"closed","sticky":false,"template":"","format":"standard","meta":{"footnotes":""},"categories":[594],"tags":[699],"class_list":["post-61179","post","type-post","status-publish","format-standard","has-post-thumbnail","hentry","category-noticia-masculino","tag-erik-ruiz"],"_links":{"self":[{"href":"https:\/\/www.emartsoccer.es\/en\/wp-json\/wp\/v2\/posts\/61179","targetHints":{"allow":["GET"]}}],"collection":[{"href":"https:\/\/www.emartsoccer.es\/en\/wp-json\/wp\/v2\/posts"}],"about":[{"href":"https:\/\/www.emartsoccer.es\/en\/wp-json\/wp\/v2\/types\/post"}],"author":[{"embeddable":true,"href":"https:\/\/www.emartsoccer.es\/en\/wp-json\/wp\/v2\/users\/7"}],"replies":[{"embeddable":true,"href":"https:\/\/www.emartsoccer.es\/en\/wp-json\/wp\/v2\/comments?post=61179"}],"version-history":[{"count":2,"href":"https:\/\/www.emartsoccer.es\/en\/wp-json\/wp\/v2\/posts\/61179\/revisions"}],"predecessor-version":[{"id":61188,"href":"https:\/\/www.emartsoccer.es\/en\/wp-json\/wp\/v2\/posts\/61179\/revisions\/61188"}],"wp:featuredmedia":[{"embeddable":true,"href":"https:\/\/www.emartsoccer.es\/en\/wp-json\/wp\/v2\/media\/61186"}],"wp:attachment":[{"href":"https:\/\/www.emartsoccer.es\/en\/wp-json\/wp\/v2\/media?parent=61179"}],"wp:term":[{"taxonomy":"category","embeddable":true,"href":"https:\/\/www.emartsoccer.es\/en\/wp-json\/wp\/v2\/categories?post=61179"},{"taxonomy":"post_tag","embeddable":true,"href":"https:\/\/www.emartsoccer.es\/en\/wp-json\/wp\/v2\/tags?post=61179"}],"curies":[{"name":"wp","href":"https:\/\/api.w.org\/{rel}","templated":true}]}}