{"id":61148,"date":"2025-06-02T07:42:24","date_gmt":"2025-06-02T05:42:24","guid":{"rendered":"https:\/\/www.emartsoccer.es\/?p=61148"},"modified":"2025-06-02T07:42:25","modified_gmt":"2025-06-02T05:42:25","slug":"alvaro-gete-roberto-alarcon-axel-ayala-y-javi-feria-ascienden-a-primera-rfef","status":"publish","type":"post","link":"https:\/\/www.emartsoccer.es\/en\/alvaro-gete-roberto-alarcon-axel-ayala-y-javi-feria-ascienden-a-primera-rfef\/","title":{"rendered":"\u00c1lvaro Gete, Roberto Alarc\u00f3n, Axel Ayala y Javi Feria ascienden a Primera RFEF"},"content":{"rendered":"\n<p>Cuatro futbolistas de la <strong>#FamiliaEmartSocce<\/strong>r han logrado el ascenso a <strong>Primera RFEF<\/strong> por medio de los play-off y acompa\u00f1an a la categor\u00eda de bronce del f\u00fatbol espa\u00f1ol a <strong>Mario G\u00f3mez<\/strong> y<strong> Yelko Pino<\/strong>, que lograron subir directo con el <strong>Pontevedra CF<\/strong>, y<a href=\"https:\/\/www.emartsoccer.es\/el-arenas-club-de-alexander-hidalgo-asciende-a-primera-rfef\/\"> a <strong>Alexander Hidalgo<\/strong>, que consigui\u00f3 el ascenso con el <\/a><strong><a href=\"https:\/\/www.emartsoccer.es\/el-arenas-club-de-alexander-hidalgo-asciende-a-primera-rfef\/\">Arenas Club<\/a>. Los nuevos integrantes de Primera Federaci\u00f3n son el Real Avil\u00e9s Industrial de \u00c1lvaro Gete y Roberto Alarc\u00f3n; el CD Teruel de Axel Ayala; y el CE Sabadell de Javi Feria.<\/strong><\/p>\n\n\n\n<p><strong>El primero en hacerlo fue el Real Avil\u00e9s Industrial, que si en la ida de la final ya hab\u00eda encarrilado el ascenso en el feudo del Rayo Majadahonda (0-2) en la vuelta gole\u00f3 (4-0) para que la fiesta fuera total. \u00c1lvaro Gete<\/strong>, tras una lesi\u00f3n que le mantuvo dos meses de baja, se hizo con la batuta de la medular y, en su primer curso en el equipo, ha acumulado 2.145 minutos repartidos en 26 encuentros. En lo que respecta a <strong>Roberto Alarc\u00f3n<\/strong>, para quien tambi\u00e9n ha sido el primer curso en el<strong> Real Avil\u00e9s Industrial<\/strong>, ha jugado 1.340 minutos en 24 partidos, anotando un gol y regalando una asistencia.<\/p>\n\n\n\n<p>El siguiente en conseguir el ascenso a <strong>Primera RFEF<\/strong> fue el <strong>CD Teruel <\/strong>de<strong> Axel Ayala<\/strong>. El cuadro aragon\u00e9s, que empat\u00f3 sin goles en la ida ante el <strong>CD Numancia <\/strong>en<strong> Pinilla<\/strong>, venci\u00f3 por la m\u00ednima en<strong> Los Pajaritos<\/strong> con un gol en el 93&#8242;. <strong>Axel Ayala, central cedido por el Deportivo Alav\u00e9s, ha jugado 813 minutos en 15 duelos y ha dado tres asistencias.<\/strong><\/p>\n\n\n\n<p>Por \u00faltimo, <strong>Javi Feria <\/strong>ha ascendido a <strong>Primera RFEF<\/strong> con el <strong>CE Sabadell.<\/strong> El atacante, que lleg\u00f3 a la <strong>Nova Creu Alta<\/strong> en el pasado mercado invernal en calidad de cedido por el<strong> Atl\u00e9tico Sanluque\u00f1o<\/strong>, <strong>ha jugado 608 minutos en 13 encuentros y ha marcado un gol. <\/strong>Al cuadro arlequinado le vali\u00f3 con empatar a cero en la vuelta disputada en su campo tras asaltar en la ida la <strong>Nueva Condomina, <\/strong>feudo del<strong> UCAM Murcia.<\/strong><\/p>\n\n\n\n<p>La cruz fue para los jugadores del citado <strong>UCAM Murcia Alexis Garc\u00eda<\/strong> y<strong> Pablo Hern\u00e1ndez<\/strong>, as\u00ed como para el <strong>CD Estepona <\/strong>de <strong>Alfonso Candelas<\/strong>, que fue remontado por el<strong> CP Cacere\u00f1o <\/strong>en la vuelta de la final (5-2) tras imponerse por la m\u00ednima en la ida. \u00a1Mucho \u00e1nimo a todos ellos y felicidades a los ascendidos!<\/p>\n","protected":false},"excerpt":{"rendered":"<p>Cuatro futbolistas de la #FamiliaEmartSoccer han logrado el ascenso a Primera RFEF por medio de los play-off y acompa\u00f1an a la categor\u00eda de bronce del f\u00fatbol espa\u00f1ol a Mario G\u00f3mez y Yelko Pino, que lograron subir directo con el Pontevedra CF, y a Alexander Hidalgo, que consigui\u00f3 el ascenso con el Arenas Club. Los nuevos [&hellip;]<\/p>\n","protected":false},"author":7,"featured_media":61153,"comment_status":"closed","ping_status":"closed","sticky":false,"template":"","format":"standard","meta":{"footnotes":""},"categories":[594],"tags":[],"class_list":["post-61148","post","type-post","status-publish","format-standard","has-post-thumbnail","hentry","category-noticia-masculino"],"_links":{"self":[{"href":"https:\/\/www.emartsoccer.es\/en\/wp-json\/wp\/v2\/posts\/61148","targetHints":{"allow":["GET"]}}],"collection":[{"href":"https:\/\/www.emartsoccer.es\/en\/wp-json\/wp\/v2\/posts"}],"about":[{"href":"https:\/\/www.emartsoccer.es\/en\/wp-json\/wp\/v2\/types\/post"}],"author":[{"embeddable":true,"href":"https:\/\/www.emartsoccer.es\/en\/wp-json\/wp\/v2\/users\/7"}],"replies":[{"embeddable":true,"href":"https:\/\/www.emartsoccer.es\/en\/wp-json\/wp\/v2\/comments?post=61148"}],"version-history":[{"count":2,"href":"https:\/\/www.emartsoccer.es\/en\/wp-json\/wp\/v2\/posts\/61148\/revisions"}],"predecessor-version":[{"id":61152,"href":"https:\/\/www.emartsoccer.es\/en\/wp-json\/wp\/v2\/posts\/61148\/revisions\/61152"}],"wp:featuredmedia":[{"embeddable":true,"href":"https:\/\/www.emartsoccer.es\/en\/wp-json\/wp\/v2\/media\/61153"}],"wp:attachment":[{"href":"https:\/\/www.emartsoccer.es\/en\/wp-json\/wp\/v2\/media?parent=61148"}],"wp:term":[{"taxonomy":"category","embeddable":true,"href":"https:\/\/www.emartsoccer.es\/en\/wp-json\/wp\/v2\/categories?post=61148"},{"taxonomy":"post_tag","embeddable":true,"href":"https:\/\/www.emartsoccer.es\/en\/wp-json\/wp\/v2\/tags?post=61148"}],"curies":[{"name":"wp","href":"https:\/\/api.w.org\/{rel}","templated":true}]}}