{"id":60960,"date":"2025-05-11T16:41:48","date_gmt":"2025-05-11T14:41:48","guid":{"rendered":"https:\/\/www.emartsoccer.es\/?p=60960"},"modified":"2025-05-11T16:41:50","modified_gmt":"2025-05-11T14:41:50","slug":"pedro-lopez-y-ruben-diez-ascienden-con-la-ad-ceuta-fc-a-laliga-hypermotion","status":"publish","type":"post","link":"https:\/\/www.emartsoccer.es\/en\/pedro-lopez-y-ruben-diez-ascienden-con-la-ad-ceuta-fc-a-laliga-hypermotion\/","title":{"rendered":"Pedro L\u00f3pez y Rub\u00e9n D\u00edez ascienden con la AD Ceuta FC a LaLiga Hypermotion"},"content":{"rendered":"\n<p>La regularidad de la <strong>AD Ceuta FC<\/strong>, conjunto en el que militan los miembros de la familia<strong> Emart&amp;Soccer Pedro L\u00f3pez <\/strong>y<strong> Rub\u00e9n D\u00edez<\/strong>, ha tenido premio. El cuadro caballa, tras remontar un tanto en contra en el estadio<strong> Fernando Torres <\/strong>ante el<strong> CF Fuenlabrada <\/strong>y dar la vuelta al marcador para llevarse los tres puntos (1-2),<strong> ha logrado el ascenso a LaLiga Hypermotion como campe\u00f3n del grupo 2 de Primera Federaci\u00f3n <\/strong>cuando todav\u00eda restan dos jornadas para la conclusi\u00f3n del campeonato regular.<\/p>\n\n\n\n<p>Sab\u00eda la <strong>AD Ceuta FC <\/strong>que con una victoria lograba su objetivo. Su principal perseguidor, el<strong> Real Murcia <\/strong>de nuestros representados<strong> Gianfranco Gazzaniga <\/strong>y <strong>David Vicente<\/strong>, se dej\u00f3 dos puntos en su casa ante el <strong>Antequera CF<\/strong>, con lo que el cuadro caballa ten\u00eda a tiro su premio. Lo logr\u00f3, pero no sin sufrimiento ya que, <strong>adem\u00e1s de tener que dar la vuelta al marcador al ponerse por delante el CF Fuenlabrada, el tanto del triunfo lleg\u00f3 en el 87&#8242;.<\/strong><\/p>\n\n\n\n<p>Con <strong>Pedro L\u00f3pez<\/strong> y<strong> Rub\u00e9n D\u00edez<\/strong> como indiscutibles en el equipo y piezas clave en el ascenso, la<strong> AD Ceuta FC<\/strong> consigue retonar a la <strong>Segunda divisi\u00f3n<\/strong> del f\u00fatbol espa\u00f1ol 45 a\u00f1os despu\u00e9s; la \u00faltma vez que el equipo caballa estuvo en la categor\u00eda de plata fue en el curso 1980-81 y bajo denominaci\u00f3n de la desaparecida <strong>AD Ceuta.<\/strong> <strong>Su regularidad ha sido clave; suma 23 jornadas sin perder, <\/strong>cayendo derrotada por \u00faltima vez  el 17 de noviembre de 2023 contra la<strong> AD Alcorc\u00f3n<\/strong> (0-2).<\/p>\n\n\n\n<h2 class=\"wp-block-heading\">Pedro L\u00f3pez y Rub\u00e9z D\u00edez, protagonistas principales<\/h2>\n\n\n\n<p>Fiesta grande en la ciudad aut\u00f3noma con el ascenso de la<strong> AD Ceuta FC<\/strong>, d\u00f3nde<strong> tanto Pedro L\u00f3pez como Rub\u00e9n D\u00edez son important\u00edsimos en la columna vertebral. <\/strong>El portero, que cumple su segunda temporada en el cuadro caballa, ha disputado 1.800 minutos en 20 encuentros, en los que tan solo ha cedido 15 goles, mientras que el mediocentro ha logrado el ascenso en su primera temporada en la sala de m\u00e1quinas del equipo.<strong> Rub\u00e9n D\u00edez<\/strong> lleg\u00f3 el pasado verano al conjunto norteafricano procedente del<strong> CD Tenerife<\/strong> y r\u00e1pidamente se hizo con la medular: 2.229 en 33 encuentros, en los que ha dado tres asistencias y ha logrado una diana.<\/p>\n\n\n\n<p><strong>La AD Ceuta CF es el primer equipo que logra el ascenso a LaLiga Hypermotion.<\/strong> Al cuadro caballa le restan por disputar dos jornadas ante el <strong>Yeclano Deportivo<\/strong> de nuestro representado <strong>Dani Satoca<\/strong> y contra la<strong> UD Ibiza<\/strong>, antes de jugar la final por decidir el campe\u00f3n absoluto de <strong>Primera Federaci\u00f3n<\/strong> frente al ganador de un grupo 1 que todav\u00eda est\u00e1 muy abierto. La<strong> Cultural Leonesa <\/strong>de <strong>Sergio Maestre, Eneko Satr\u00fastegui, Quique Fornos<\/strong> y <strong>Amigo <\/strong>es l\u00edder, pero la<strong> SD Ponferradina<\/strong> de <strong>Javi Lancho<\/strong> y el<strong> FC Andorra<\/strong> de <strong>Pablo Trigueros, C\u00e9sar Morgado<\/strong> y<strong> Sergio Molina<\/strong> todav\u00eda pueden asaltar la primera plaza.<\/p>\n\n\n\n<figure class=\"wp-block-image size-large\"><img fetchpriority=\"high\" decoding=\"async\" width=\"1024\" height=\"576\" src=\"https:\/\/www.emartsoccer.es\/wp-content\/uploads\/2025\/05\/ceuta_laliga_hypermotion-1024x576.jpg\" alt=\"\" class=\"wp-image-60965\"\/><\/figure>\n","protected":false},"excerpt":{"rendered":"<p>La regularidad de la AD Ceuta FC, conjunto en el que militan los miembros de la familia Emart&amp;Soccer Pedro L\u00f3pez y Rub\u00e9n D\u00edez, ha tenido premio. El cuadro caballa, tras remontar un tanto en contra en el estadio Fernando Torres ante el CF Fuenlabrada y dar la vuelta al marcador para llevarse los tres puntos [&hellip;]<\/p>\n","protected":false},"author":7,"featured_media":60963,"comment_status":"closed","ping_status":"closed","sticky":false,"template":"","format":"standard","meta":{"footnotes":""},"categories":[594],"tags":[688,685,686],"class_list":["post-60960","post","type-post","status-publish","format-standard","has-post-thumbnail","hentry","category-noticia-masculino","tag-laliga-hypermotion","tag-pedro-lopez","tag-ruben-diez"],"_links":{"self":[{"href":"https:\/\/www.emartsoccer.es\/en\/wp-json\/wp\/v2\/posts\/60960","targetHints":{"allow":["GET"]}}],"collection":[{"href":"https:\/\/www.emartsoccer.es\/en\/wp-json\/wp\/v2\/posts"}],"about":[{"href":"https:\/\/www.emartsoccer.es\/en\/wp-json\/wp\/v2\/types\/post"}],"author":[{"embeddable":true,"href":"https:\/\/www.emartsoccer.es\/en\/wp-json\/wp\/v2\/users\/7"}],"replies":[{"embeddable":true,"href":"https:\/\/www.emartsoccer.es\/en\/wp-json\/wp\/v2\/comments?post=60960"}],"version-history":[{"count":3,"href":"https:\/\/www.emartsoccer.es\/en\/wp-json\/wp\/v2\/posts\/60960\/revisions"}],"predecessor-version":[{"id":60969,"href":"https:\/\/www.emartsoccer.es\/en\/wp-json\/wp\/v2\/posts\/60960\/revisions\/60969"}],"wp:featuredmedia":[{"embeddable":true,"href":"https:\/\/www.emartsoccer.es\/en\/wp-json\/wp\/v2\/media\/60963"}],"wp:attachment":[{"href":"https:\/\/www.emartsoccer.es\/en\/wp-json\/wp\/v2\/media?parent=60960"}],"wp:term":[{"taxonomy":"category","embeddable":true,"href":"https:\/\/www.emartsoccer.es\/en\/wp-json\/wp\/v2\/categories?post=60960"},{"taxonomy":"post_tag","embeddable":true,"href":"https:\/\/www.emartsoccer.es\/en\/wp-json\/wp\/v2\/tags?post=60960"}],"curies":[{"name":"wp","href":"https:\/\/api.w.org\/{rel}","templated":true}]}}