{"id":58110,"date":"2024-08-07T12:40:29","date_gmt":"2024-08-07T10:40:29","guid":{"rendered":"https:\/\/www.emartsoccer.es\/?p=58110"},"modified":"2024-08-07T12:40:29","modified_gmt":"2024-08-07T10:40:29","slug":"ale-diez-firma-dos-anos-en-el-fc-botosani-rumano","status":"publish","type":"post","link":"https:\/\/www.emartsoccer.es\/en\/ale-diez-firma-dos-anos-en-el-fc-botosani-rumano\/","title":{"rendered":"Ale D\u00edez firma dos a\u00f1os en el FC Boto\u0219ani rumano"},"content":{"rendered":"<p>La<strong> primera experiencia<\/strong> fuera de nuestro f\u00fatbol le ha llegado a <strong>Ale D\u00edez.<\/strong> Y lo har\u00e1 en la m\u00e1xima categor\u00eda de <strong>Ruman\u00eda<\/strong>, pues ha firmado en el <strong>FC Boto\u0219ani<\/strong> para las dos pr\u00f3ximas temporadas. Lo hace tras militar en el \u00faltimo ejercicio en la <strong>SD Ponferradina<\/strong>, con el que disput\u00f3 las eliminatorias de ascenso a Segunda Divisi\u00f3n.<\/p>\n<p>Con el FC Boto\u0219ani buscar\u00e1 asentarse en una nueva competici\u00f3n y aportar\u00e1 a su equipo la <strong>experiencia que le dan 124 partidos en la divisi\u00f3n de plata<\/strong> de Espa\u00f1a, as\u00ed como una importante trayectoria en clubes punteros de Segunda B. El objetivo, mantener al club en la m\u00e1xima categor\u00eda del pa\u00eds.<\/p>\n<p>Desde EmartSoccer felicitamos a Ale D\u00edez por su fichaje por el FC Boto\u0219ani y estamos seguros de que arranca una exitosa etapa tanto para \u00e9l como para su club.<\/p>\n","protected":false},"excerpt":{"rendered":"<p>La primera experiencia fuera de nuestro f\u00fatbol le ha llegado a Ale D\u00edez. Y lo har\u00e1 en la m\u00e1xima categor\u00eda de Ruman\u00eda, pues ha firmado en el FC Boto\u0219ani para las dos pr\u00f3ximas temporadas. Lo hace tras militar en el \u00faltimo ejercicio en la SD Ponferradina, con el que disput\u00f3 las eliminatorias de ascenso a [&hellip;]<\/p>\n","protected":false},"author":7,"featured_media":58113,"comment_status":"closed","ping_status":"closed","sticky":false,"template":"","format":"standard","meta":{"footnotes":""},"categories":[594],"tags":[],"class_list":["post-58110","post","type-post","status-publish","format-standard","has-post-thumbnail","hentry","category-noticia-masculino"],"_links":{"self":[{"href":"https:\/\/www.emartsoccer.es\/en\/wp-json\/wp\/v2\/posts\/58110","targetHints":{"allow":["GET"]}}],"collection":[{"href":"https:\/\/www.emartsoccer.es\/en\/wp-json\/wp\/v2\/posts"}],"about":[{"href":"https:\/\/www.emartsoccer.es\/en\/wp-json\/wp\/v2\/types\/post"}],"author":[{"embeddable":true,"href":"https:\/\/www.emartsoccer.es\/en\/wp-json\/wp\/v2\/users\/7"}],"replies":[{"embeddable":true,"href":"https:\/\/www.emartsoccer.es\/en\/wp-json\/wp\/v2\/comments?post=58110"}],"version-history":[{"count":1,"href":"https:\/\/www.emartsoccer.es\/en\/wp-json\/wp\/v2\/posts\/58110\/revisions"}],"predecessor-version":[{"id":58115,"href":"https:\/\/www.emartsoccer.es\/en\/wp-json\/wp\/v2\/posts\/58110\/revisions\/58115"}],"wp:featuredmedia":[{"embeddable":true,"href":"https:\/\/www.emartsoccer.es\/en\/wp-json\/wp\/v2\/media\/58113"}],"wp:attachment":[{"href":"https:\/\/www.emartsoccer.es\/en\/wp-json\/wp\/v2\/media?parent=58110"}],"wp:term":[{"taxonomy":"category","embeddable":true,"href":"https:\/\/www.emartsoccer.es\/en\/wp-json\/wp\/v2\/categories?post=58110"},{"taxonomy":"post_tag","embeddable":true,"href":"https:\/\/www.emartsoccer.es\/en\/wp-json\/wp\/v2\/tags?post=58110"}],"curies":[{"name":"wp","href":"https:\/\/api.w.org\/{rel}","templated":true}]}}