{"id":58104,"date":"2024-08-06T11:46:01","date_gmt":"2024-08-06T09:46:01","guid":{"rendered":"https:\/\/www.emartsoccer.es\/?p=58104"},"modified":"2024-08-06T11:46:01","modified_gmt":"2024-08-06T09:46:01","slug":"eric-perez-se-gana-la-confianza-de-la-sd-eibar","status":"publish","type":"post","link":"https:\/\/www.emartsoccer.es\/en\/eric-perez-se-gana-la-confianza-de-la-sd-eibar\/","title":{"rendered":"Eric P\u00e9rez se gana la confianza de la SD Eibar"},"content":{"rendered":"<p>Un paso de gigante. Es lo que ha dado <strong>Eric P\u00e9rez<\/strong> en esta pretemporada con la <strong>SD Eibar<\/strong>. El joven extremo vasco ha sido de lo m\u00e1s destacado del cuadro armero en los partidos de preparaci\u00f3n y se ha ganado la renovaci\u00f3n con los de Ipurua. Eric firm\u00f3 un nuevo contrato con la entidad, a la que seguir\u00e1 vinculada hasta <strong>junio de 2027.<\/strong><\/p>\n<p>Eric P\u00e9rez se incorpor\u00f3 a la SD Eibar en categor\u00eda cadete y ha ido quemando etapas en el club. En sus dos \u00faltimos a\u00f1os ha sido una<strong> pieza clave en el ascenso del filial<\/strong>, disputando 48 partidos y logrando seis dianas. Sus buenos n\u00fameros hicieron que fuese citado con la<strong> primera plantilla para esta pretemporada<\/strong>, en la que ha convencido a los t\u00e9cnicos con grandes actuaciones ante rivales de Segunda y Primera Divisi\u00f3n.<\/p>\n<p>Desde aqu\u00ed le damos la <strong>enhorabuena a Eric P\u00e9rez<\/strong> y le animamos a que siga luchando como hasta ahora para seguir cumpliendo objetivos.<\/p>\n","protected":false},"excerpt":{"rendered":"<p>Un paso de gigante. Es lo que ha dado Eric P\u00e9rez en esta pretemporada con la SD Eibar. El joven extremo vasco ha sido de lo m\u00e1s destacado del cuadro armero en los partidos de preparaci\u00f3n y se ha ganado la renovaci\u00f3n con los de Ipurua. Eric firm\u00f3 un nuevo contrato con la entidad, a [&hellip;]<\/p>\n","protected":false},"author":7,"featured_media":58107,"comment_status":"closed","ping_status":"closed","sticky":false,"template":"","format":"standard","meta":{"footnotes":""},"categories":[594],"tags":[],"class_list":["post-58104","post","type-post","status-publish","format-standard","has-post-thumbnail","hentry","category-noticia-masculino"],"_links":{"self":[{"href":"https:\/\/www.emartsoccer.es\/en\/wp-json\/wp\/v2\/posts\/58104","targetHints":{"allow":["GET"]}}],"collection":[{"href":"https:\/\/www.emartsoccer.es\/en\/wp-json\/wp\/v2\/posts"}],"about":[{"href":"https:\/\/www.emartsoccer.es\/en\/wp-json\/wp\/v2\/types\/post"}],"author":[{"embeddable":true,"href":"https:\/\/www.emartsoccer.es\/en\/wp-json\/wp\/v2\/users\/7"}],"replies":[{"embeddable":true,"href":"https:\/\/www.emartsoccer.es\/en\/wp-json\/wp\/v2\/comments?post=58104"}],"version-history":[{"count":1,"href":"https:\/\/www.emartsoccer.es\/en\/wp-json\/wp\/v2\/posts\/58104\/revisions"}],"predecessor-version":[{"id":58109,"href":"https:\/\/www.emartsoccer.es\/en\/wp-json\/wp\/v2\/posts\/58104\/revisions\/58109"}],"wp:featuredmedia":[{"embeddable":true,"href":"https:\/\/www.emartsoccer.es\/en\/wp-json\/wp\/v2\/media\/58107"}],"wp:attachment":[{"href":"https:\/\/www.emartsoccer.es\/en\/wp-json\/wp\/v2\/media?parent=58104"}],"wp:term":[{"taxonomy":"category","embeddable":true,"href":"https:\/\/www.emartsoccer.es\/en\/wp-json\/wp\/v2\/categories?post=58104"},{"taxonomy":"post_tag","embeddable":true,"href":"https:\/\/www.emartsoccer.es\/en\/wp-json\/wp\/v2\/tags?post=58104"}],"curies":[{"name":"wp","href":"https:\/\/api.w.org\/{rel}","templated":true}]}}