{"id":57974,"date":"2024-07-22T14:09:20","date_gmt":"2024-07-22T12:09:20","guid":{"rendered":"https:\/\/www.emartsoccer.es\/?p=57974"},"modified":"2024-07-22T14:09:20","modified_gmt":"2024-07-22T12:09:20","slug":"orest-lebedenko-se-une-a-la-familiaemartsoccer","status":"publish","type":"post","link":"https:\/\/www.emartsoccer.es\/en\/orest-lebedenko-se-une-a-la-familiaemartsoccer\/","title":{"rendered":"Orest Lebedenko se une a la #FamiliaEmartSoccer"},"content":{"rendered":"<p>El buen trabajo de nuestro equipo da sus frutos en cualquier \u00e9poca del a\u00f1o. Prueba de ello es que, en mitad de la ventana de fichajes, <strong>Orest Lebedenko<\/strong> se ha unido a la nuestra agencia para que le guiemos en la gesti\u00f3n de su trayectoria deportiva.<\/p>\n<p>Lebedenko, 25 a\u00f1os, milita en el <strong>FC Vizela de Portugal<\/strong>, mismo club en el que est\u00e1n<strong> Iker Unzueta y Heber Pena<\/strong>. Internacional con Ucrania en categor\u00edas inferiores, el lateral conoce tambi\u00e9n nuestra competici\u00f3n ya que defendi\u00f3 las el\u00e1sticas del RC Deportivo de La Coru\u00f1a y el CD Lugo.<\/p>\n<p>Desde aqu\u00ed agradecemos a Lebedenko la confianza depositada en EmartSoccer y estamos seguros de que iniciamos una gran etapa juntos.<\/p>\n","protected":false},"excerpt":{"rendered":"<p>El buen trabajo de nuestro equipo da sus frutos en cualquier \u00e9poca del a\u00f1o. Prueba de ello es que, en mitad de la ventana de fichajes, Orest Lebedenko se ha unido a la nuestra agencia para que le guiemos en la gesti\u00f3n de su trayectoria deportiva. Lebedenko, 25 a\u00f1os, milita en el FC Vizela de [&hellip;]<\/p>\n","protected":false},"author":7,"featured_media":57977,"comment_status":"closed","ping_status":"closed","sticky":false,"template":"","format":"standard","meta":{"footnotes":""},"categories":[594],"tags":[],"class_list":["post-57974","post","type-post","status-publish","format-standard","has-post-thumbnail","hentry","category-noticia-masculino"],"_links":{"self":[{"href":"https:\/\/www.emartsoccer.es\/en\/wp-json\/wp\/v2\/posts\/57974","targetHints":{"allow":["GET"]}}],"collection":[{"href":"https:\/\/www.emartsoccer.es\/en\/wp-json\/wp\/v2\/posts"}],"about":[{"href":"https:\/\/www.emartsoccer.es\/en\/wp-json\/wp\/v2\/types\/post"}],"author":[{"embeddable":true,"href":"https:\/\/www.emartsoccer.es\/en\/wp-json\/wp\/v2\/users\/7"}],"replies":[{"embeddable":true,"href":"https:\/\/www.emartsoccer.es\/en\/wp-json\/wp\/v2\/comments?post=57974"}],"version-history":[{"count":1,"href":"https:\/\/www.emartsoccer.es\/en\/wp-json\/wp\/v2\/posts\/57974\/revisions"}],"predecessor-version":[{"id":57979,"href":"https:\/\/www.emartsoccer.es\/en\/wp-json\/wp\/v2\/posts\/57974\/revisions\/57979"}],"wp:featuredmedia":[{"embeddable":true,"href":"https:\/\/www.emartsoccer.es\/en\/wp-json\/wp\/v2\/media\/57977"}],"wp:attachment":[{"href":"https:\/\/www.emartsoccer.es\/en\/wp-json\/wp\/v2\/media?parent=57974"}],"wp:term":[{"taxonomy":"category","embeddable":true,"href":"https:\/\/www.emartsoccer.es\/en\/wp-json\/wp\/v2\/categories?post=57974"},{"taxonomy":"post_tag","embeddable":true,"href":"https:\/\/www.emartsoccer.es\/en\/wp-json\/wp\/v2\/tags?post=57974"}],"curies":[{"name":"wp","href":"https:\/\/api.w.org\/{rel}","templated":true}]}}