{"id":57930,"date":"2024-07-11T12:31:20","date_gmt":"2024-07-11T10:31:20","guid":{"rendered":"https:\/\/www.emartsoccer.es\/?p=57930"},"modified":"2024-07-11T12:31:20","modified_gmt":"2024-07-11T10:31:20","slug":"angel-baena-un-erasmus-mas-en-la-familia","status":"publish","type":"post","link":"https:\/\/www.emartsoccer.es\/en\/angel-baena-un-erasmus-mas-en-la-familia\/","title":{"rendered":"\u00c1ngel Baena, un \u2018Erasmus\u2019 m\u00e1s en la familia"},"content":{"rendered":"<p><strong>Emart&amp;Soccer y \u00c1ngel Baena unen sus caminos<\/strong> para las pr\u00f3ximas temporadas. El futbolista catal\u00e1n se ha incorporado a nuestra agencia, con la que quiere dar un paso al frente en su trayectoria deportiva. En la actualidad, el extremo milita en el <strong>Wisla Krak\u00f3w polaco<\/strong>, en el que fue uno de los jugadores m\u00e1s destacados en su primera e hist\u00f3rica campa\u00f1a.<\/p>\n<p>Baena, 23 a\u00f1os, inici\u00f3 su trayectoria deportiva en la base del<strong> CF Damm<\/strong> para dar posteriormente el salto a las categor\u00edas inferiores del <strong>Real Betis<\/strong>. En la entidad andaluza estuvo durante cinco temporadas, alcanzado el filial. Su buen hacer le abri\u00f3 las puertas del f\u00fatbol profesional y firm\u00f3 en el<strong> CD Lugo<\/strong>, en Segunda Divisi\u00f3n. Desde el Anxo Carro, al Wisla Krak\u00f3w, con el que pele\u00f3 por el ascenso a Ekstraklasa y fue campe\u00f3n de Copa, con gol de <strong>Eneko Satr\u00fastegui<\/strong> en la final.<\/p>\n<p>En este curso, gracias al t\u00edtulo copero, el Wisla Krak\u00f3w jugar\u00e1 la previa de la <strong>Europa League<\/strong> a pesar de estar en la segunda categor\u00eda de su pa\u00eds.<\/p>\n<p>Desde aqu\u00ed deseamos a Baena toda la suerte posible en la 2024-25 y le agradecemos la confianza depositada en nuestro equipo.<\/p>\n","protected":false},"excerpt":{"rendered":"<p>Emart&amp;Soccer y \u00c1ngel Baena unen sus caminos para las pr\u00f3ximas temporadas. El futbolista catal\u00e1n se ha incorporado a nuestra agencia, con la que quiere dar un paso al frente en su trayectoria deportiva. En la actualidad, el extremo milita en el Wisla Krak\u00f3w polaco, en el que fue uno de los jugadores m\u00e1s destacados en [&hellip;]<\/p>\n","protected":false},"author":7,"featured_media":57925,"comment_status":"closed","ping_status":"closed","sticky":false,"template":"","format":"standard","meta":{"footnotes":""},"categories":[594],"tags":[],"class_list":["post-57930","post","type-post","status-publish","format-standard","has-post-thumbnail","hentry","category-noticia-masculino"],"_links":{"self":[{"href":"https:\/\/www.emartsoccer.es\/en\/wp-json\/wp\/v2\/posts\/57930","targetHints":{"allow":["GET"]}}],"collection":[{"href":"https:\/\/www.emartsoccer.es\/en\/wp-json\/wp\/v2\/posts"}],"about":[{"href":"https:\/\/www.emartsoccer.es\/en\/wp-json\/wp\/v2\/types\/post"}],"author":[{"embeddable":true,"href":"https:\/\/www.emartsoccer.es\/en\/wp-json\/wp\/v2\/users\/7"}],"replies":[{"embeddable":true,"href":"https:\/\/www.emartsoccer.es\/en\/wp-json\/wp\/v2\/comments?post=57930"}],"version-history":[{"count":1,"href":"https:\/\/www.emartsoccer.es\/en\/wp-json\/wp\/v2\/posts\/57930\/revisions"}],"predecessor-version":[{"id":57933,"href":"https:\/\/www.emartsoccer.es\/en\/wp-json\/wp\/v2\/posts\/57930\/revisions\/57933"}],"wp:featuredmedia":[{"embeddable":true,"href":"https:\/\/www.emartsoccer.es\/en\/wp-json\/wp\/v2\/media\/57925"}],"wp:attachment":[{"href":"https:\/\/www.emartsoccer.es\/en\/wp-json\/wp\/v2\/media?parent=57930"}],"wp:term":[{"taxonomy":"category","embeddable":true,"href":"https:\/\/www.emartsoccer.es\/en\/wp-json\/wp\/v2\/categories?post=57930"},{"taxonomy":"post_tag","embeddable":true,"href":"https:\/\/www.emartsoccer.es\/en\/wp-json\/wp\/v2\/tags?post=57930"}],"curies":[{"name":"wp","href":"https:\/\/api.w.org\/{rel}","templated":true}]}}