{"id":57908,"date":"2024-07-05T13:12:10","date_gmt":"2024-07-05T11:12:10","guid":{"rendered":"https:\/\/www.emartsoccer.es\/?p=57908"},"modified":"2024-07-05T14:56:36","modified_gmt":"2024-07-05T12:56:36","slug":"diego-gonzalez-firma-con-la-sd-huesca","status":"publish","type":"post","link":"https:\/\/www.emartsoccer.es\/en\/diego-gonzalez-firma-con-la-sd-huesca\/","title":{"rendered":"Diego Gonz\u00e1lez firma con la SD Huesca"},"content":{"rendered":"<p>La <strong>SD Huesca<\/strong> se hace con los servicios de uno de los defensas con m\u00e1s claridad en la elaboraci\u00f3n de juego y que puede jugar en diferente posiciones, nuestro querido <strong>Diego Gonz\u00e1lez.<\/strong> El central, que tambi\u00e9n puede actuar en el lateral izquierdo, ha firmado un compromiso de <strong>dos temporadas con la entidad de El Alcoraz<\/strong>, hasta junio de 2026.<\/p>\n<p>En su debut en Segunda Divisi\u00f3n, Diego Gonz\u00e1lez destac\u00f3 en el FC Andorra. Disput\u00f3 23 partidos y acab\u00f3 el curso como el jugador <strong>con mejor precisi\u00f3n de pases de la categor\u00eda,<\/strong> con un 90 % de acierto. Adem\u00e1s, estaba entre los<strong> 10 con m\u00e1s interceptaciones<\/strong> por partido (1.4) y entre los cinco futbolistas con<strong> mejor valoraci\u00f3n de la plantilla<\/strong> (6.99).<\/p>\n<p>Su buen rendimiento le hizo tener numerosas propuestas tanto de nuestro pa\u00eds como del extranjero, pero <strong>Diego Gonz\u00e1lez apost\u00f3 por la SD Huesca<\/strong> con la idea de crecer en un club que intentar\u00e1 estar entre los mejores de la competici\u00f3n.<\/p>\n","protected":false},"excerpt":{"rendered":"<p>La SD Huesca se hace con los servicios de uno de los defensas con m\u00e1s claridad en la elaboraci\u00f3n de juego y que puede jugar en diferente posiciones, nuestro querido Diego Gonz\u00e1lez. El central, que tambi\u00e9n puede actuar en el lateral izquierdo, ha firmado un compromiso de dos temporadas con la entidad de El Alcoraz, [&hellip;]<\/p>\n","protected":false},"author":7,"featured_media":57914,"comment_status":"closed","ping_status":"closed","sticky":false,"template":"","format":"standard","meta":{"footnotes":""},"categories":[594],"tags":[],"class_list":["post-57908","post","type-post","status-publish","format-standard","has-post-thumbnail","hentry","category-noticia-masculino"],"_links":{"self":[{"href":"https:\/\/www.emartsoccer.es\/en\/wp-json\/wp\/v2\/posts\/57908","targetHints":{"allow":["GET"]}}],"collection":[{"href":"https:\/\/www.emartsoccer.es\/en\/wp-json\/wp\/v2\/posts"}],"about":[{"href":"https:\/\/www.emartsoccer.es\/en\/wp-json\/wp\/v2\/types\/post"}],"author":[{"embeddable":true,"href":"https:\/\/www.emartsoccer.es\/en\/wp-json\/wp\/v2\/users\/7"}],"replies":[{"embeddable":true,"href":"https:\/\/www.emartsoccer.es\/en\/wp-json\/wp\/v2\/comments?post=57908"}],"version-history":[{"count":1,"href":"https:\/\/www.emartsoccer.es\/en\/wp-json\/wp\/v2\/posts\/57908\/revisions"}],"predecessor-version":[{"id":57913,"href":"https:\/\/www.emartsoccer.es\/en\/wp-json\/wp\/v2\/posts\/57908\/revisions\/57913"}],"wp:featuredmedia":[{"embeddable":true,"href":"https:\/\/www.emartsoccer.es\/en\/wp-json\/wp\/v2\/media\/57914"}],"wp:attachment":[{"href":"https:\/\/www.emartsoccer.es\/en\/wp-json\/wp\/v2\/media?parent=57908"}],"wp:term":[{"taxonomy":"category","embeddable":true,"href":"https:\/\/www.emartsoccer.es\/en\/wp-json\/wp\/v2\/categories?post=57908"},{"taxonomy":"post_tag","embeddable":true,"href":"https:\/\/www.emartsoccer.es\/en\/wp-json\/wp\/v2\/tags?post=57908"}],"curies":[{"name":"wp","href":"https:\/\/api.w.org\/{rel}","templated":true}]}}