{"id":57893,"date":"2024-07-03T19:26:02","date_gmt":"2024-07-03T17:26:02","guid":{"rendered":"https:\/\/www.emartsoccer.es\/?p=57893"},"modified":"2024-07-03T19:26:02","modified_gmt":"2024-07-03T17:26:02","slug":"chiki-llega-al-racing-club-ferrol","status":"publish","type":"post","link":"https:\/\/www.emartsoccer.es\/en\/chiki-llega-al-racing-club-ferrol\/","title":{"rendered":"Chiki llega al Racing Club Ferrol"},"content":{"rendered":"<p>Tras <strong>dos temporadas en la AD Alcorc\u00f3n<\/strong>, Christian Borrego <strong>\u2018Chiki\u2019 jugar\u00e1 la pr\u00f3xima campa\u00f1a en el Racing Club Ferrol<\/strong>, uno de los equipos revelaci\u00f3n de la pasada temporada en Segunda Divisi\u00f3n. El ariete madrile\u00f1o, que ha dado un paso importante en su trayectoria los \u00faltimos a\u00f1os, se mantiene as\u00ed en la categor\u00eda de plata y se une a un proyecto que tambi\u00e9n est\u00e1 en crecimiento.<\/p>\n<p>Chiki, 27 a\u00f1os, destac\u00f3 en el <strong>UE Cornell\u00e1<\/strong> tres cursos atr\u00e1s con 15 goles en Primera RFEF, claves para que el cuadro catal\u00e1n lograse la salvaci\u00f3n. Despu\u00e9s firm\u00f3 por la AD Alcorc\u00f3n e hizo nueve dianas, siendo el m\u00e1ximo goleador de un equipo que logr\u00f3 el ascenso a Segunda Divisi\u00f3n. En su estreno en el f\u00fatbol profesional, <strong>36 encuentros de titular y cuatro goles<\/strong> con los de Santo Domingo.<\/p>\n<p>En A Malata tendr\u00e1n a un futbolista que se entrega durante los noventa minutos y que se gana el respeto de compa\u00f1eros y aficionados con su esfuerzo en el d\u00eda a d\u00eda. Desde aqu\u00ed felicitamos a Chiki por su fichaje por el Racing Club Ferrol.<\/p>\n","protected":false},"excerpt":{"rendered":"<p>Tras dos temporadas en la AD Alcorc\u00f3n, Christian Borrego \u2018Chiki\u2019 jugar\u00e1 la pr\u00f3xima campa\u00f1a en el Racing Club Ferrol, uno de los equipos revelaci\u00f3n de la pasada temporada en Segunda Divisi\u00f3n. El ariete madrile\u00f1o, que ha dado un paso importante en su trayectoria los \u00faltimos a\u00f1os, se mantiene as\u00ed en la categor\u00eda de plata y [&hellip;]<\/p>\n","protected":false},"author":7,"featured_media":57896,"comment_status":"closed","ping_status":"closed","sticky":false,"template":"","format":"standard","meta":{"footnotes":""},"categories":[594],"tags":[],"class_list":["post-57893","post","type-post","status-publish","format-standard","has-post-thumbnail","hentry","category-noticia-masculino"],"_links":{"self":[{"href":"https:\/\/www.emartsoccer.es\/en\/wp-json\/wp\/v2\/posts\/57893","targetHints":{"allow":["GET"]}}],"collection":[{"href":"https:\/\/www.emartsoccer.es\/en\/wp-json\/wp\/v2\/posts"}],"about":[{"href":"https:\/\/www.emartsoccer.es\/en\/wp-json\/wp\/v2\/types\/post"}],"author":[{"embeddable":true,"href":"https:\/\/www.emartsoccer.es\/en\/wp-json\/wp\/v2\/users\/7"}],"replies":[{"embeddable":true,"href":"https:\/\/www.emartsoccer.es\/en\/wp-json\/wp\/v2\/comments?post=57893"}],"version-history":[{"count":1,"href":"https:\/\/www.emartsoccer.es\/en\/wp-json\/wp\/v2\/posts\/57893\/revisions"}],"predecessor-version":[{"id":57898,"href":"https:\/\/www.emartsoccer.es\/en\/wp-json\/wp\/v2\/posts\/57893\/revisions\/57898"}],"wp:featuredmedia":[{"embeddable":true,"href":"https:\/\/www.emartsoccer.es\/en\/wp-json\/wp\/v2\/media\/57896"}],"wp:attachment":[{"href":"https:\/\/www.emartsoccer.es\/en\/wp-json\/wp\/v2\/media?parent=57893"}],"wp:term":[{"taxonomy":"category","embeddable":true,"href":"https:\/\/www.emartsoccer.es\/en\/wp-json\/wp\/v2\/categories?post=57893"},{"taxonomy":"post_tag","embeddable":true,"href":"https:\/\/www.emartsoccer.es\/en\/wp-json\/wp\/v2\/tags?post=57893"}],"curies":[{"name":"wp","href":"https:\/\/api.w.org\/{rel}","templated":true}]}}