{"id":57845,"date":"2024-06-18T13:06:51","date_gmt":"2024-06-18T11:06:51","guid":{"rendered":"https:\/\/www.emartsoccer.es\/?p=57845"},"modified":"2024-06-18T14:19:38","modified_gmt":"2024-06-18T12:19:38","slug":"arasa-da-el-salto-al-lks-lodz","status":"publish","type":"post","link":"https:\/\/www.emartsoccer.es\/en\/arasa-da-el-salto-al-lks-lodz\/","title":{"rendered":"Arasa da el salto al LKS Lodz"},"content":{"rendered":"<p>De la UD Sanse de Segunda RFEF, a un hist\u00f3rico del f\u00fatbol polaco. Es el <strong>cambio radical en la trayectoria deportiva de Andreu Arasa<\/strong>, la \u00faltima incorporaci\u00f3n de en la familia de EmartSoccer. El atacante jugar\u00e1 la pr\u00f3xima campa\u00f1a en el <strong>LKS Lodz, un equipo que buscar\u00e1 el retorno a Ekstraklasa<\/strong> tras perder la categor\u00eda en el \u00faltimo ejercicio.<\/p>\n<p>Arasa, 25 a\u00f1os, se form\u00f3 en las <strong>categor\u00edas inferiores del FC Barcelona<\/strong> y tambi\u00e9n pas\u00f3 por la del <strong>Real Zaragoza, RCD Mallorca y Levante UD<\/strong>. Adem\u00e1s, visti\u00f3 las el\u00e1sticas del <strong>Atl\u00e9tico Sanluque\u00f1o, Albacete Balompi\u00e9, CD Ebro y UD Sanse<\/strong>. Con el conjunto madrile\u00f1o estuvo cerca de lograr el ascenso a Primera RFEF en una extraordinaria campa\u00f1a a nivel individual, con 19 goles y seis asistencias. Estos n\u00fameros llamaron la atenci\u00f3n de numerosos clubes espa\u00f1oles y del extranjero, decidi\u00e9ndose el futbolista por el ambicioso proyecto del LKS Lodz.<\/p>\n<p>Desde EmartSoccer felicitamos a Andreu Arasa por este importante paso en su carrera deportiva y le animamos a seguir luchando como hasta ahora.<\/p>\n<p>\u00a1Enhorabuena, amigo!<\/p>\n","protected":false},"excerpt":{"rendered":"<p>De la UD Sanse de Segunda RFEF, a un hist\u00f3rico del f\u00fatbol polaco. Es el cambio radical en la trayectoria deportiva de Andreu Arasa, la \u00faltima incorporaci\u00f3n de en la familia de EmartSoccer. El atacante jugar\u00e1 la pr\u00f3xima campa\u00f1a en el LKS Lodz, un equipo que buscar\u00e1 el retorno a Ekstraklasa tras perder la categor\u00eda [&hellip;]<\/p>\n","protected":false},"author":7,"featured_media":57851,"comment_status":"closed","ping_status":"closed","sticky":false,"template":"","format":"standard","meta":{"footnotes":""},"categories":[594],"tags":[],"class_list":["post-57845","post","type-post","status-publish","format-standard","has-post-thumbnail","hentry","category-noticia-masculino"],"_links":{"self":[{"href":"https:\/\/www.emartsoccer.es\/en\/wp-json\/wp\/v2\/posts\/57845","targetHints":{"allow":["GET"]}}],"collection":[{"href":"https:\/\/www.emartsoccer.es\/en\/wp-json\/wp\/v2\/posts"}],"about":[{"href":"https:\/\/www.emartsoccer.es\/en\/wp-json\/wp\/v2\/types\/post"}],"author":[{"embeddable":true,"href":"https:\/\/www.emartsoccer.es\/en\/wp-json\/wp\/v2\/users\/7"}],"replies":[{"embeddable":true,"href":"https:\/\/www.emartsoccer.es\/en\/wp-json\/wp\/v2\/comments?post=57845"}],"version-history":[{"count":1,"href":"https:\/\/www.emartsoccer.es\/en\/wp-json\/wp\/v2\/posts\/57845\/revisions"}],"predecessor-version":[{"id":57850,"href":"https:\/\/www.emartsoccer.es\/en\/wp-json\/wp\/v2\/posts\/57845\/revisions\/57850"}],"wp:featuredmedia":[{"embeddable":true,"href":"https:\/\/www.emartsoccer.es\/en\/wp-json\/wp\/v2\/media\/57851"}],"wp:attachment":[{"href":"https:\/\/www.emartsoccer.es\/en\/wp-json\/wp\/v2\/media?parent=57845"}],"wp:term":[{"taxonomy":"category","embeddable":true,"href":"https:\/\/www.emartsoccer.es\/en\/wp-json\/wp\/v2\/categories?post=57845"},{"taxonomy":"post_tag","embeddable":true,"href":"https:\/\/www.emartsoccer.es\/en\/wp-json\/wp\/v2\/tags?post=57845"}],"curies":[{"name":"wp","href":"https:\/\/api.w.org\/{rel}","templated":true}]}}