{"id":57790,"date":"2024-06-03T17:58:53","date_gmt":"2024-06-03T15:58:53","guid":{"rendered":"https:\/\/www.emartsoccer.es\/?p=57790"},"modified":"2024-06-03T18:14:28","modified_gmt":"2024-06-03T16:14:28","slug":"oscar-cano-dirigira-al-cd-tenerife","status":"publish","type":"post","link":"https:\/\/www.emartsoccer.es\/en\/oscar-cano-dirigira-al-cd-tenerife\/","title":{"rendered":"\u00d3scar Cano dirigir\u00e1 al CD Tenerife"},"content":{"rendered":"<p>Nuestro t\u00e9cnico \u00d3scar Cano estar\u00e1 al frente del proyecto del CD Tenerife, uno de los equipos m\u00e1s importantes en la categor\u00eda de plata de nuestro f\u00fatbol y que tendr\u00e1 como objetivo estar en la pelea por el retorno al f\u00fatbol profesional. El t\u00e9cnico<strong> volver\u00e1 a dirigir en Segunda Divisi\u00f3n<\/strong>, pues con anterioridad lo hizo con la <strong>UD Salamanca y el CD Castell\u00f3n<\/strong>. El andaluz se compromete con la entidad del Heliodoro Rodr\u00edguez L\u00f3pez hasta junio de 2025.<\/p>\n<p>\u00d3scar Cano, 51 a\u00f1os, tiene una dilatada trayectoria en los banquillos. Ha pasado por el <strong>CD Baza, Granada CF, Polideportivo Ejido, UD Salamanca, UD Melilla, Real Betis B, CD Alcoyano, CD Castell\u00f3n, CD Badajoz, RCD La Coru\u00f1a y CE Sabadell<\/strong>. En su palmar\u00e9s, adem\u00e1s de m\u00e1s de 380 partidos oficiales, figura un ascenso a Segunda, con el CD Castell\u00f3n. A este equipo lo salv\u00f3 del descenso a Tercera Divisi\u00f3n y en el a\u00f1o siguiente lo devolvi\u00f3 a la \u00e9lite.<\/p>\n<p>Desde aqu\u00ed felicitamos a \u00d3scar Cano por su incorporaci\u00f3n al CD Tenerife y le animamos a que siga trabajando con la misma ilusi\u00f3n con la que lo ha hecho hasta ahora, que le ayudar\u00e1 a conseguir los objetivos marcados.<\/p>\n","protected":false},"excerpt":{"rendered":"<p>Nuestro t\u00e9cnico \u00d3scar Cano estar\u00e1 al frente del proyecto del CD Tenerife, uno de los equipos m\u00e1s importantes en la categor\u00eda de plata de nuestro f\u00fatbol y que tendr\u00e1 como objetivo estar en la pelea por el retorno al f\u00fatbol profesional. El t\u00e9cnico volver\u00e1 a dirigir en Segunda Divisi\u00f3n, pues con anterioridad lo hizo con [&hellip;]<\/p>\n","protected":false},"author":7,"featured_media":57796,"comment_status":"closed","ping_status":"closed","sticky":false,"template":"","format":"standard","meta":{"footnotes":""},"categories":[594],"tags":[],"class_list":["post-57790","post","type-post","status-publish","format-standard","has-post-thumbnail","hentry","category-noticia-masculino"],"_links":{"self":[{"href":"https:\/\/www.emartsoccer.es\/en\/wp-json\/wp\/v2\/posts\/57790","targetHints":{"allow":["GET"]}}],"collection":[{"href":"https:\/\/www.emartsoccer.es\/en\/wp-json\/wp\/v2\/posts"}],"about":[{"href":"https:\/\/www.emartsoccer.es\/en\/wp-json\/wp\/v2\/types\/post"}],"author":[{"embeddable":true,"href":"https:\/\/www.emartsoccer.es\/en\/wp-json\/wp\/v2\/users\/7"}],"replies":[{"embeddable":true,"href":"https:\/\/www.emartsoccer.es\/en\/wp-json\/wp\/v2\/comments?post=57790"}],"version-history":[{"count":3,"href":"https:\/\/www.emartsoccer.es\/en\/wp-json\/wp\/v2\/posts\/57790\/revisions"}],"predecessor-version":[{"id":57799,"href":"https:\/\/www.emartsoccer.es\/en\/wp-json\/wp\/v2\/posts\/57790\/revisions\/57799"}],"wp:featuredmedia":[{"embeddable":true,"href":"https:\/\/www.emartsoccer.es\/en\/wp-json\/wp\/v2\/media\/57796"}],"wp:attachment":[{"href":"https:\/\/www.emartsoccer.es\/en\/wp-json\/wp\/v2\/media?parent=57790"}],"wp:term":[{"taxonomy":"category","embeddable":true,"href":"https:\/\/www.emartsoccer.es\/en\/wp-json\/wp\/v2\/categories?post=57790"},{"taxonomy":"post_tag","embeddable":true,"href":"https:\/\/www.emartsoccer.es\/en\/wp-json\/wp\/v2\/tags?post=57790"}],"curies":[{"name":"wp","href":"https:\/\/api.w.org\/{rel}","templated":true}]}}