{"id":57784,"date":"2024-06-03T10:45:38","date_gmt":"2024-06-03T08:45:38","guid":{"rendered":"https:\/\/www.emartsoccer.es\/?p=57784"},"modified":"2024-06-03T10:45:38","modified_gmt":"2024-06-03T08:45:38","slug":"dani-sandoval-se-une-al-ambicioso-proyecto-del-wieczysta-krakow","status":"publish","type":"post","link":"https:\/\/www.emartsoccer.es\/en\/dani-sandoval-se-une-al-ambicioso-proyecto-del-wieczysta-krakow\/","title":{"rendered":"Dani Sandoval se une al ambicioso proyecto del Wieczysta Krak\u00f3w"},"content":{"rendered":"<p>El extremo<strong> Daniel Sandoval<\/strong> vivir\u00e1 su primera experiencia en el f\u00fatbol extranjero. El asturiano se ha comprometido con el <strong>Wieczysta Krak\u00f3w<\/strong>, club que la pr\u00f3xima temporada militar\u00e1 en la tercera categor\u00eda de Polonia y que tiene un ambicioso proyecto de cara al futuro, con el objetivo de estar en los pr\u00f3ximos a\u00f1os en la <strong>Ekstraklasa<\/strong>.<\/p>\n<p>Sandoval, que firma por dos temporadas y otra opcional, ha sido uno de los destacados en Primera RFEF. Con la <strong>AD M\u00e9rida logr\u00f3 seis tantos y cuatro asistencias<\/strong>, una aportaci\u00f3n decisiva para lograr la permanencia en la divisi\u00f3n de bronce. A sus 26 a\u00f1os ha decidido apostar por el Wieczysta Krak\u00f3w con la idea de crecer de la mano.<\/p>\n<p>Desde aqu\u00ed felicitamos a Dani Sandoval por su incorporaci\u00f3n al club polaco y le deseamos toda la suerte posible en este nuevo reto.<\/p>\n","protected":false},"excerpt":{"rendered":"<p>El extremo Daniel Sandoval vivir\u00e1 su primera experiencia en el f\u00fatbol extranjero. El asturiano se ha comprometido con el Wieczysta Krak\u00f3w, club que la pr\u00f3xima temporada militar\u00e1 en la tercera categor\u00eda de Polonia y que tiene un ambicioso proyecto de cara al futuro, con el objetivo de estar en los pr\u00f3ximos a\u00f1os en la Ekstraklasa. [&hellip;]<\/p>\n","protected":false},"author":7,"featured_media":57787,"comment_status":"closed","ping_status":"closed","sticky":false,"template":"","format":"standard","meta":{"footnotes":""},"categories":[594],"tags":[],"class_list":["post-57784","post","type-post","status-publish","format-standard","has-post-thumbnail","hentry","category-noticia-masculino"],"_links":{"self":[{"href":"https:\/\/www.emartsoccer.es\/en\/wp-json\/wp\/v2\/posts\/57784","targetHints":{"allow":["GET"]}}],"collection":[{"href":"https:\/\/www.emartsoccer.es\/en\/wp-json\/wp\/v2\/posts"}],"about":[{"href":"https:\/\/www.emartsoccer.es\/en\/wp-json\/wp\/v2\/types\/post"}],"author":[{"embeddable":true,"href":"https:\/\/www.emartsoccer.es\/en\/wp-json\/wp\/v2\/users\/7"}],"replies":[{"embeddable":true,"href":"https:\/\/www.emartsoccer.es\/en\/wp-json\/wp\/v2\/comments?post=57784"}],"version-history":[{"count":1,"href":"https:\/\/www.emartsoccer.es\/en\/wp-json\/wp\/v2\/posts\/57784\/revisions"}],"predecessor-version":[{"id":57789,"href":"https:\/\/www.emartsoccer.es\/en\/wp-json\/wp\/v2\/posts\/57784\/revisions\/57789"}],"wp:featuredmedia":[{"embeddable":true,"href":"https:\/\/www.emartsoccer.es\/en\/wp-json\/wp\/v2\/media\/57787"}],"wp:attachment":[{"href":"https:\/\/www.emartsoccer.es\/en\/wp-json\/wp\/v2\/media?parent=57784"}],"wp:term":[{"taxonomy":"category","embeddable":true,"href":"https:\/\/www.emartsoccer.es\/en\/wp-json\/wp\/v2\/categories?post=57784"},{"taxonomy":"post_tag","embeddable":true,"href":"https:\/\/www.emartsoccer.es\/en\/wp-json\/wp\/v2\/tags?post=57784"}],"curies":[{"name":"wp","href":"https:\/\/api.w.org\/{rel}","templated":true}]}}