{"id":57498,"date":"2024-05-10T12:41:48","date_gmt":"2024-05-10T10:41:48","guid":{"rendered":"https:\/\/www.emartsoccer.es\/?p=57498"},"modified":"2024-05-10T12:41:48","modified_gmt":"2024-05-10T10:41:48","slug":"satrustegui-el-gol-en-la-final-de-copa-fue-la-recompensa-al-sacrificio-hecho-durante-todo-mi-trayectoria","status":"publish","type":"post","link":"https:\/\/www.emartsoccer.es\/en\/satrustegui-el-gol-en-la-final-de-copa-fue-la-recompensa-al-sacrificio-hecho-durante-todo-mi-trayectoria\/","title":{"rendered":"Satr\u00fastegui: \u201cEl gol en la final de Copa fue la recompensa al sacrificio hecho durante todo mi trayectoria\u201d"},"content":{"rendered":"<p>En Cracovia, lejos de su Pamplona, <strong>Eneko Satr\u00fastegui<\/strong> es un \u00eddolo. Admirado all\u00e1 por donde ha pasado por su profesionalidad e implicaci\u00f3n en los proyectos, en el <strong>Wisla Krak\u00f3w<\/strong> ha conseguido devolver la ilusi\u00f3n a la afici\u00f3n tras el t\u00edtulo de <strong>campe\u00f3n de Copa<\/strong> y ahora quiere rematar el curso con el ascenso a <strong>Ekstraklasa<\/strong>, previa clasificaci\u00f3n para los playoffs de ascenso. Pasados los d\u00edas de euforia y felicidad, toca centrarse en liga ya que el retorno a la m\u00e1xima competici\u00f3n es el objetivo por el que el zaguero hizo las maletas el pasado verano. Hablamos con \u00e9l para que nos cuente c\u00f3mo ha sido este a\u00f1o.<\/p>\n<p><strong>Menudo final de temporada, campe\u00f3n de Copa y peleando por los playoffs de ascenso a Ekstraklasa\u2026<\/strong><\/p>\n<p>Pues s\u00ed, qui\u00e9n me lo iba a decir a m\u00ed, como le he comentado a m\u00e1s de un amigo. Ese t\u00edtulo es la recompensa al sacrificio hecho durante toda mi trayectoria, yendo de una ciudad a otra buscando mi destino, lo luchado en todos los aspectos, superando malos momentos como los de las lesiones. Me he podido liberar. Tambi\u00e9n me sali\u00f3 toda la rabia porque no estaba siendo un temporada f\u00e1cil. La verdad que fue una liberaci\u00f3n y adem\u00e1s le dimos a los aficionados del Wisla algo positivo, algo para celebrar.<\/p>\n<p><strong>Ya eres una leyenda en el club\u2026<\/strong><\/p>\n<p>S\u00ed, firm\u00e9 un bal\u00f3n como autor de uno de los goles (el del empate en el 99\u2019 que mandaba la final a la pr\u00f3rroga) y est\u00e1 en el museo del la entidad. En las celebraciones con nuestros aficionados, muchos me daban las gracias y me tocaban la pierna izquierda. En esos detalles te das cuenta de que has hecho algo grande para ellos, para el Wisla, y que estar\u00e1n eternamente agradecidos.<\/p>\n<p><strong>Tras el gol, \u00bfnotas que te conocen m\u00e1s por la calle?<\/strong><\/p>\n<p>Claro, o al menos ahora se dirigen a ti. Antes me reconoc\u00edan, pero no dec\u00edan nada, se quedaban mirando. Ahora se acercan y te dan las gracias, adem\u00e1s de animarme a que sigamos peleando por el playoff y el ascenso a Ekstraklasa.<\/p>\n<p><strong>Un equipo de Segunda en competiciones europeas\u2026<\/strong><\/p>\n<p>Algo inusual, s\u00ed. Pero es que peleamos de t\u00fa a t\u00fa a un rival de Primera Divisi\u00f3n y de los mejores. Y en semifinales eliminamos al Piast Gliwice. Ser\u00e1 bonito para la entidad, pero ahora todos estamos centrados en conseguir el ascenso porque la presencia en la m\u00e1xima categor\u00eda es lo que le permitir\u00eda dar un paso de gigante al club.<\/p>\n<p><strong>\u00bfC\u00f3mo fue todo lo que rode\u00f3 al partido y el choque?<\/strong><\/p>\n<p>Desde el d\u00eda previo vivimos momentos especiales. Entramos por la tarde en el estadio, que est\u00e1 reservado para grandes citas y la selecci\u00f3n, y es espectacular. Hab\u00eda aficionados cerca del hotel e incluso algunos alojados en el mismo que te animaban y te entraban ya los nervios. El d\u00eda de la final llegamos al estadio dos horas antes, sal\u00ed al terreno de juego y nuestra afici\u00f3n ya ten\u00eda su grada repleta y no paraba de animar. No empec\u00e9 el partido de titular. Estaba calentando en la banda y el lateral derecho tuvo unas molestias. El m\u00edster hizo un cambio de posiciones y me sac\u00f3 a m\u00ed, me pill\u00f3 un poco por sorpresa. Lo \u00fanico que me dijo es que si estaba listo para salir y yo estaba loco por hacerlo, me ve\u00eda de sobra preparado. Ten\u00eda muchas ganas.<\/p>\n<p><strong>\u00bfVe\u00edas con opciones al equipo?<\/strong><\/p>\n<p>Desde el principio fuimos superiores, tuvimos las mejores ocasiones. Y eso te refuerza con el paso de los minutos. No nos vimos sometidos ni mucho menos por un equipo de superior categor\u00eda, pero la calidad de ellos pod\u00eda decidir el choque en cualquier momento. Nosotros los respetamos, pero jugamos sin miedo y terminamos ganando.<\/p>\n<p><strong>El gol te lo habr\u00e1s puesto mil veces\u2026<\/strong><\/p>\n<p>El v\u00eddeo original unas cuantas, pero me gustan m\u00e1s los que he visto de aficionados, infinitos.<\/p>\n<p><strong><img fetchpriority=\"high\" decoding=\"async\" class=\"alignleft wp-image-57503 size-large\" src=\"https:\/\/www.emartsoccer.es\/wp-content\/uploads\/2024\/05\/IMG-20240506-WA0035-576x1024.jpg\" alt=\"\" width=\"576\" height=\"1024\" \/>\u00bfC\u00f3mo fue la acci\u00f3n del gol?<\/strong><\/p>\n<p>Nos hacen una falta en la salida de bal\u00f3n en nuestro campo y nosotros sabemos que es la \u00faltima oportunidad que ten\u00edamos para forzar la pr\u00f3rroga. El banquillo rival ya estaba protestando por el tiempo a\u00f1adido y porque adelantamos la falta unos cuantos metros, mientras que su afici\u00f3n ya estaba celebrando el t\u00edtulo. Nos fuimos todos arriba. Yo sab\u00eda que uno de mis centrales o el delantero iba a peinar el bal\u00f3n, lo ten\u00eda claro. As\u00ed que me perfilo al lado de ellos, me puse a la espalda de ellos. Confiaba en que iba a pasar. Y ten\u00eda que estar pendiente del fuera de juego, estaba al l\u00edmite. Cuando ocurri\u00f3 y me cay\u00f3 el bal\u00f3n, pausa y tranquilidad para esperar a que saliese el portero para batirlo.<\/p>\n<p><strong>Lleg\u00f3 la locura\u2026<\/strong><\/p>\n<p>Me dieron ganas de gritar, de llorar, pero no era el gol definitivo. Quedaba todav\u00eda mucho por delante. Nos \u00edbamos a la pr\u00f3rroga.<\/p>\n<p><strong>Con el segundo\u2026<\/strong><\/p>\n<p>No sabes ni que decir ni qu\u00e9 hacer. Yo estaba c\u00f3modo en el terreno de juego, pero quer\u00eda que se acabase ya el partido, disfrutar de la celebraci\u00f3n. Ve\u00eda la cara de mis compa\u00f1eros polacos, era la copa de su pa\u00eds, algo muy importante para ellos. Este t\u00edtulo ha sido sin duda la mejor experiencia de mi vida deportiva.<\/p>\n<p><strong>\u00bfOs lleg\u00f3 la repercusi\u00f3n que tuvo en Espa\u00f1a vuestra haza\u00f1a?<\/strong><\/p>\n<p>S\u00ed, a m\u00ed por ejemplo me entrevistaron todos los medios de Navarra. Hemos salido en los informativos deportivos a nivel nacional. Es que ha sido un t\u00edtulo muy importante para un club con mucha representaci\u00f3n espa\u00f1ola.<\/p>\n<p><strong>Ahora a ponerle la guinda con el ascenso\u2026<\/strong><\/p>\n<p>Si lo conseguimos enmarcan nuestras camisetas (r\u00ede). Vamos a por ello. Vinimos aqu\u00ed para devolver al Wisla Krak\u00f3w a Ekstraklasa.<\/p>\n<p><strong>Aunque parezca que ha ido todo bien, la temporada no ha sido f\u00e1cil\u2026<\/strong><\/p>\n<p>Los cambios cuestan a nivel individual y colectivo. La cultura es diferente. Aqu\u00ed nadie ha venido de turismo, s\u00ed a hacer cosas importantes. Yo tengo la ilusi\u00f3n de un chaval y acept\u00e9 este reto sabiendo todas las consecuencias, porque es un club hist\u00f3rico de Polonia en Segunda Divisi\u00f3n. No ha sido un a\u00f1o del todo bueno a nivel individual, he tenido lesiones que me hicieron salir del equipo, hubo momentos malos. Por eso digo que el gol fue una liberaci\u00f3n.<\/p>\n<p><strong>\u00bfC\u00f3mo es la segunda de Polonia?<\/strong><\/p>\n<p>Yo creo que se puede asemejar a la espa\u00f1ola en cuanto a f\u00edsico. Hay muchos jugadores con envergadura, las acciones a bal\u00f3n parado son decisivas y todas acaban en el \u00e1rea. Esto te exige mucha mentalidad, atenci\u00f3n en la estrategia. Hay nivel y cada a\u00f1o se invierte m\u00e1s en plantillas, en infraestructuras, todo es m\u00e1s profesional. Luego te tienes que adaptar a la climatolog\u00eda, que cambia mucho las condiciones de los terrenos de juego, sobre todo en invierno donde en muchos partidos hay nieve.<\/p>\n<p><strong>\u00bfC\u00f3mo fue el salir de Espa\u00f1a?<\/strong><\/p>\n<p>Hab\u00eda tenido la oportunidad temporadas atr\u00e1s, pero no se dio. El verano de 2022 ya hab\u00eda conversaciones con el Wisla, pero decid\u00ed quedarme en el Racing de Santander. Al a\u00f1o siguiente era el momento de dar el paso. Me gust\u00f3 el proyecto que me presentaron y tambi\u00e9n ayud\u00f3 que hab\u00eda muchos espa\u00f1oles en la plantilla. Se mezcl\u00f3 todo. A ello hay que a\u00f1adir que la ciudad es muy atractiva, con mucho turismo y la gente te habla en ingl\u00e9s en todos los lugares. En invierno tuve la oportunidad de regresar a Espa\u00f1a con propuestas interesantes, pero las descart\u00e9. Yo si acepto un proyecto voy hasta el final con \u00e9l. Siempre confi\u00e9 en el club y las posibilidades que tenemos.<\/p>\n<p><strong>Por cierto, el CD Castell\u00f3n ha vuelto a Segunda y el Racing pelea por los playoffs a Primera\u2026<\/strong><\/p>\n<p>Me gusta que mis ex equipos peleen por cotas altas. Segunda Divisi\u00f3n es la categor\u00eda que se merece, como m\u00ednimo, el CD Castell\u00f3n por la afici\u00f3n que tiene. Y de lo que est\u00e1 haciendo el Racing me siento un poco protagonista. Los que fuimos con el club en Primera RFEF y logramos el ascenso pusimos la semilla de lo que est\u00e1 pasando ahora. Me alegro mucho por sus \u00e9xitos.<\/p>\n<p><strong>Desde que te uniste a EmartSoccer hemos disfrutado de ascensos, campe\u00f3n de Copa en Polonia y pelea por el ascenso a Ekstraklasa. \u00bfLo siguiente?<\/strong><\/p>\n<p>Pues ojal\u00e1 seguir con esta din\u00e1mica, que sigamos disfrutando de la mano de buenos proyectos. La verdad que no me puedo quejar de nada, ni en los proyectos deportivos que se me han presentado ni en el trato del d\u00eda con todos los que forman parte de la agencia. Yo estoy m\u00e1s en contacto con Eduardo y Vila, pero con todos los que he conocido ha sido extraordinaria la relaci\u00f3n. As\u00ed es f\u00e1cil centrarte en el d\u00eda a d\u00eda de tu equipo.<\/p>\n","protected":false},"excerpt":{"rendered":"<p>En Cracovia, lejos de su Pamplona, Eneko Satr\u00fastegui es un \u00eddolo. Admirado all\u00e1 por donde ha pasado por su profesionalidad e implicaci\u00f3n en los proyectos, en el Wisla Krak\u00f3w ha conseguido devolver la ilusi\u00f3n a la afici\u00f3n tras el t\u00edtulo de campe\u00f3n de Copa y ahora quiere rematar el curso con el ascenso a Ekstraklasa, [&hellip;]<\/p>\n","protected":false},"author":7,"featured_media":57501,"comment_status":"closed","ping_status":"closed","sticky":false,"template":"","format":"standard","meta":{"footnotes":""},"categories":[594],"tags":[],"class_list":["post-57498","post","type-post","status-publish","format-standard","has-post-thumbnail","hentry","category-noticia-masculino"],"_links":{"self":[{"href":"https:\/\/www.emartsoccer.es\/en\/wp-json\/wp\/v2\/posts\/57498","targetHints":{"allow":["GET"]}}],"collection":[{"href":"https:\/\/www.emartsoccer.es\/en\/wp-json\/wp\/v2\/posts"}],"about":[{"href":"https:\/\/www.emartsoccer.es\/en\/wp-json\/wp\/v2\/types\/post"}],"author":[{"embeddable":true,"href":"https:\/\/www.emartsoccer.es\/en\/wp-json\/wp\/v2\/users\/7"}],"replies":[{"embeddable":true,"href":"https:\/\/www.emartsoccer.es\/en\/wp-json\/wp\/v2\/comments?post=57498"}],"version-history":[{"count":1,"href":"https:\/\/www.emartsoccer.es\/en\/wp-json\/wp\/v2\/posts\/57498\/revisions"}],"predecessor-version":[{"id":57505,"href":"https:\/\/www.emartsoccer.es\/en\/wp-json\/wp\/v2\/posts\/57498\/revisions\/57505"}],"wp:featuredmedia":[{"embeddable":true,"href":"https:\/\/www.emartsoccer.es\/en\/wp-json\/wp\/v2\/media\/57501"}],"wp:attachment":[{"href":"https:\/\/www.emartsoccer.es\/en\/wp-json\/wp\/v2\/media?parent=57498"}],"wp:term":[{"taxonomy":"category","embeddable":true,"href":"https:\/\/www.emartsoccer.es\/en\/wp-json\/wp\/v2\/categories?post=57498"},{"taxonomy":"post_tag","embeddable":true,"href":"https:\/\/www.emartsoccer.es\/en\/wp-json\/wp\/v2\/tags?post=57498"}],"curies":[{"name":"wp","href":"https:\/\/api.w.org\/{rel}","templated":true}]}}