{"id":57487,"date":"2024-05-07T13:41:05","date_gmt":"2024-05-07T11:41:05","guid":{"rendered":"https:\/\/www.emartsoccer.es\/?p=57487"},"modified":"2024-05-07T13:41:05","modified_gmt":"2024-05-07T11:41:05","slug":"borja-granero-asciende-a-segunda-con-el-cd-castellon","status":"publish","type":"post","link":"https:\/\/www.emartsoccer.es\/en\/borja-granero-asciende-a-segunda-con-el-cd-castellon\/","title":{"rendered":"Borja Granero asciende a Segunda con el CD Castell\u00f3n"},"content":{"rendered":"<p>Ya se conoce el <strong>primer equipo que logr\u00f3 el ascenso a la categor\u00eda de plata<\/strong>. Se trata del <strong>CD Castell\u00f3n, en el que milita nuestro jugador Borja Granero<\/strong>. Es la segunda ocasi\u00f3n en la que el central consigue retornar desde la divisi\u00f3n de bronce al f\u00fatbol nacional con un club, pues anteriormente lo hizo con el<strong> Racing de Santander<\/strong>.<\/p>\n<p>Granero fue uno de los que particip\u00f3 en el<strong> partido clave de la temporada<\/strong>, el que enfrent\u00f3 a los orelluts con el <strong>Real Murcia en Nueva Condomina<\/strong>. Antes la media hora todo se puso de cara para los suyos, que venc\u00edan por 0-2. Pero se complic\u00f3 el choque en el 34\u2019, cuando el CD Castell\u00f3n se qued\u00f3 con un futbolista menos. Desde entonces, un gran trabajo defensivo que permiti\u00f3 llegar al a\u00f1adido con 2-3 en el marcador. Pasado el tiempo reglamentario, un penalti errado por los locales permiti\u00f3 al CD Castell\u00f3n hacerse con la victoria. Ya s\u00f3lo quedaba que no ganase el C\u00f3rdoba CF al Recreativo Granada al d\u00eda siguiente, algo que se dio.<\/p>\n<p>Ya el curso pasado estuvo <strong>Granero cerca de lograr el ascenso a Segunda<\/strong> con el equipo castellonense, pero cay\u00f3 en los playoffs. Lo ha podido conseguir ahora y desde <strong>EmartSoccer le felicitamos por devolver a un hist\u00f3rico de nuestro pa\u00eds a LaLiga.<\/strong><\/p>\n<p><img fetchpriority=\"high\" decoding=\"async\" class=\"aligncenter wp-image-57490 size-large\" src=\"https:\/\/www.emartsoccer.es\/wp-content\/uploads\/2024\/05\/GM0-JOAWkAAwl8T-819x1024.jpeg\" alt=\"\" width=\"800\" height=\"1000\" \/><\/p>\n","protected":false},"excerpt":{"rendered":"<p>Ya se conoce el primer equipo que logr\u00f3 el ascenso a la categor\u00eda de plata. Se trata del CD Castell\u00f3n, en el que milita nuestro jugador Borja Granero. Es la segunda ocasi\u00f3n en la que el central consigue retornar desde la divisi\u00f3n de bronce al f\u00fatbol nacional con un club, pues anteriormente lo hizo con [&hellip;]<\/p>\n","protected":false},"author":7,"featured_media":57492,"comment_status":"closed","ping_status":"closed","sticky":false,"template":"","format":"standard","meta":{"footnotes":""},"categories":[594],"tags":[],"class_list":["post-57487","post","type-post","status-publish","format-standard","has-post-thumbnail","hentry","category-noticia-masculino"],"_links":{"self":[{"href":"https:\/\/www.emartsoccer.es\/en\/wp-json\/wp\/v2\/posts\/57487","targetHints":{"allow":["GET"]}}],"collection":[{"href":"https:\/\/www.emartsoccer.es\/en\/wp-json\/wp\/v2\/posts"}],"about":[{"href":"https:\/\/www.emartsoccer.es\/en\/wp-json\/wp\/v2\/types\/post"}],"author":[{"embeddable":true,"href":"https:\/\/www.emartsoccer.es\/en\/wp-json\/wp\/v2\/users\/7"}],"replies":[{"embeddable":true,"href":"https:\/\/www.emartsoccer.es\/en\/wp-json\/wp\/v2\/comments?post=57487"}],"version-history":[{"count":1,"href":"https:\/\/www.emartsoccer.es\/en\/wp-json\/wp\/v2\/posts\/57487\/revisions"}],"predecessor-version":[{"id":57494,"href":"https:\/\/www.emartsoccer.es\/en\/wp-json\/wp\/v2\/posts\/57487\/revisions\/57494"}],"wp:featuredmedia":[{"embeddable":true,"href":"https:\/\/www.emartsoccer.es\/en\/wp-json\/wp\/v2\/media\/57492"}],"wp:attachment":[{"href":"https:\/\/www.emartsoccer.es\/en\/wp-json\/wp\/v2\/media?parent=57487"}],"wp:term":[{"taxonomy":"category","embeddable":true,"href":"https:\/\/www.emartsoccer.es\/en\/wp-json\/wp\/v2\/categories?post=57487"},{"taxonomy":"post_tag","embeddable":true,"href":"https:\/\/www.emartsoccer.es\/en\/wp-json\/wp\/v2\/tags?post=57487"}],"curies":[{"name":"wp","href":"https:\/\/api.w.org\/{rel}","templated":true}]}}