{"id":57481,"date":"2024-05-03T13:54:11","date_gmt":"2024-05-03T11:54:11","guid":{"rendered":"https:\/\/www.emartsoccer.es\/?p=57481"},"modified":"2024-05-03T13:54:11","modified_gmt":"2024-05-03T11:54:11","slug":"eneko-satrustegui-y-basha-hacen-historia-con-el-wisla-krakow","status":"publish","type":"post","link":"https:\/\/www.emartsoccer.es\/en\/eneko-satrustegui-y-basha-hacen-historia-con-el-wisla-krakow\/","title":{"rendered":"Eneko Satr\u00fastegui y Basha hacen historia con el Wisla Krak\u00f3w"},"content":{"rendered":"<p><strong>Campeones de Copa de Polonia<\/strong>. Es lo que se han proclamado nuestros jugadores<strong> Eneko Satr\u00fastegui y Vullnet Basha<\/strong> con el <strong>Wisla Krak\u00f3w<\/strong>, hist\u00f3rico club del pa\u00eds que milita en la segunda categor\u00eda y que ha conseguido hacerse con el t\u00edtulo tras imponerse en la final al Pogon, de Ekstraklasa. En semifinales tambi\u00e9n se deshicieron de un club de la m\u00e1xima competici\u00f3n, el Piast Gliwice de Jorge F\u00e9lix.<\/p>\n<p><strong>Eneko<\/strong> ya forma parte de un <strong>cap\u00edtulo especial en la historia del Wisla.<\/strong> El navarro hizo el <strong>tanto que forz\u00f3 la pr\u00f3rroga en el 99\u2019<\/strong> de partido. Bal\u00f3n largo, falta en el propio campo, peinada de un compa\u00f1ero y Eneko, de volea, mand\u00f3 el esf\u00e9rico al fondo de la red. La locura lleg\u00f3 a la hinchada, que poco despu\u00e9s ver\u00eda como los suyos hac\u00edan el segundo y festejaban al final del encuentro el t\u00edtulo de campe\u00f3n.<\/p>\n<p>Con la consecuci\u00f3n de la Copa de Polonia, el Wisla Krak\u00f3w se asegura <strong>una plaza en competiciones europeas para el curso pr\u00f3ximo<\/strong>. Pero la temporada puede ser todav\u00eda mejor, pues el cuadro de Cracovia pelea por estar en las<strong> eliminatorias de ascenso a Ekstraklasa,<\/strong> objetivo marcado al inicio de curso.<\/p>\n<p>Desde aqu\u00ed felicitamos a Eneko y Basha por este logro y le animamos a seguir trabajando como hasta ahora para seguir sumando \u00e9xitos.<\/p>\n","protected":false},"excerpt":{"rendered":"<p>Campeones de Copa de Polonia. Es lo que se han proclamado nuestros jugadores Eneko Satr\u00fastegui y Vullnet Basha con el Wisla Krak\u00f3w, hist\u00f3rico club del pa\u00eds que milita en la segunda categor\u00eda y que ha conseguido hacerse con el t\u00edtulo tras imponerse en la final al Pogon, de Ekstraklasa. En semifinales tambi\u00e9n se deshicieron de [&hellip;]<\/p>\n","protected":false},"author":7,"featured_media":57484,"comment_status":"closed","ping_status":"closed","sticky":false,"template":"","format":"standard","meta":{"footnotes":""},"categories":[594],"tags":[],"class_list":["post-57481","post","type-post","status-publish","format-standard","has-post-thumbnail","hentry","category-noticia-masculino"],"_links":{"self":[{"href":"https:\/\/www.emartsoccer.es\/en\/wp-json\/wp\/v2\/posts\/57481","targetHints":{"allow":["GET"]}}],"collection":[{"href":"https:\/\/www.emartsoccer.es\/en\/wp-json\/wp\/v2\/posts"}],"about":[{"href":"https:\/\/www.emartsoccer.es\/en\/wp-json\/wp\/v2\/types\/post"}],"author":[{"embeddable":true,"href":"https:\/\/www.emartsoccer.es\/en\/wp-json\/wp\/v2\/users\/7"}],"replies":[{"embeddable":true,"href":"https:\/\/www.emartsoccer.es\/en\/wp-json\/wp\/v2\/comments?post=57481"}],"version-history":[{"count":1,"href":"https:\/\/www.emartsoccer.es\/en\/wp-json\/wp\/v2\/posts\/57481\/revisions"}],"predecessor-version":[{"id":57486,"href":"https:\/\/www.emartsoccer.es\/en\/wp-json\/wp\/v2\/posts\/57481\/revisions\/57486"}],"wp:featuredmedia":[{"embeddable":true,"href":"https:\/\/www.emartsoccer.es\/en\/wp-json\/wp\/v2\/media\/57484"}],"wp:attachment":[{"href":"https:\/\/www.emartsoccer.es\/en\/wp-json\/wp\/v2\/media?parent=57481"}],"wp:term":[{"taxonomy":"category","embeddable":true,"href":"https:\/\/www.emartsoccer.es\/en\/wp-json\/wp\/v2\/categories?post=57481"},{"taxonomy":"post_tag","embeddable":true,"href":"https:\/\/www.emartsoccer.es\/en\/wp-json\/wp\/v2\/tags?post=57481"}],"curies":[{"name":"wp","href":"https:\/\/api.w.org\/{rel}","templated":true}]}}