{"id":57473,"date":"2024-05-03T11:40:07","date_gmt":"2024-05-03T09:40:07","guid":{"rendered":"https:\/\/www.emartsoccer.es\/?p=57473"},"modified":"2024-05-03T11:40:07","modified_gmt":"2024-05-03T09:40:07","slug":"olaetxea-de-estos-150-partidos-en-segunda-me-quedo-con-los-del-playoff","status":"publish","type":"post","link":"https:\/\/www.emartsoccer.es\/en\/olaetxea-de-estos-150-partidos-en-segunda-me-quedo-con-los-del-playoff\/","title":{"rendered":"Olaetxea: \u201cDe estos 150 partidos en Segunda, me quedo con los del playoff\u201d"},"content":{"rendered":"<p><strong>Lander Olaetxea<\/strong>, un tipo tan sencillo como imprescindible en sus equipos. El centrocampista vasco disput\u00f3 la pasada jornada su encuentro 150 en la categor\u00eda de plata, de los que 129 los hizo como titular defendiendo las el\u00e1sticas del <strong>Bilbao Athletic, UD Logro\u00f1\u00e9s, SD Amorebieta y Albacete Balompi\u00e9<\/strong>. Para \u00e9l, lo m\u00e1s importante es disfrutar saltando al terreno de juego de un estadio, vivir un gran ambiente de partido cada semana. Y tiene ilusi\u00f3n por seguir haci\u00e9ndolo, que es lo m\u00e1s importante. Hablamos con \u00e9l sobre su experiencia en la categor\u00eda de plata.<\/p>\n<p><strong>Menuda celebraci\u00f3n la de los 150 partidos. Un gol clave para la lucha por la permanencia\u2026<\/strong><\/p>\n<p>La verdad que nos sali\u00f3 un buen partido y hacer el tanto de la victoria fue la guinda. Era una victoria necesaria ante un candidato al ascenso, la SD Eibar. Por fortuna los tres puntos se quedaron en el Carlos Belmonte. Fue un d\u00eda redondo.<\/p>\n<p><strong>Est\u00e1 la permanencia m\u00e1s cara que nunca en esta temporada\u2026<\/strong><\/p>\n<p>Hace unos meses parec\u00eda todo lo contrario, pero la situaci\u00f3n ha cambiado de manera radical. Al final la Segunda Divisi\u00f3n se complica en las \u00faltimas jornadas. A todos los equipos les va a costar mucho conseguir su objetivo, a los que est\u00e1n peleando por el ascenso o los que lo hacemos por la permanencia.<\/p>\n<p><strong>\u00bfC\u00f3mo ves al Albacete Balompi\u00e9 en la recta final?<\/strong><\/p>\n<p>Muy bien, estamos en una din\u00e1mica buena tanto en resultados como en juego. Creo que llegamos a la recta final en un buen momento.<\/p>\n<p><strong>\u00bfUn balance de tus 150 partidos en Segunda?<\/strong><\/p>\n<p>He tenido de todo, momentos de sufrir y otros de disfrutar. Me quedo con los bonitos, con poder competir cada semana. No me acordaba de que alcanzaba tal cifra, me lo dijo Eduardo Llanos y me mand\u00f3 el cartel que hizo Comunicaci\u00f3n de EmartSoccer. Me hizo mucha ilusi\u00f3n el sumar tantos partidos y me encant\u00f3 el cartel que se hizo con tal motivo.<\/p>\n<p><strong>Y en estos 150 encuentros, \u00bfhay alguno especial?<\/strong><\/p>\n<p>M\u00e1s que con un partido, me qued\u00f3 con disputar un playoff de ascenso. Es una sensaci\u00f3n muy bonita por lo que se vive durante esos d\u00edas. Fue emocionante.<\/p>\n<p><strong>\u00bfC\u00f3mo definir\u00edas la categor\u00eda?<\/strong><\/p>\n<p>Una Liga muy competida, esa es la palabra. En cuanto un equipo baja un poco la intensidad, le es imposible ganar un partido.<\/p>\n<p><strong>Hay jugadores de Segunda que podr\u00edan estar en Primera, \u00bfqu\u00e9 falta para dar ese paso?<\/strong><\/p>\n<p>En muchos casos es la oportunidad, aunque tambi\u00e9n se nota mucho el cambio de categor\u00eda, como de Primera RFEF a Segunda Divisi\u00f3n. El ritmo es totalmente diferente, es la gran diferencia entre una competici\u00f3n y otra, entre unos futbolistas y otros.<\/p>\n<p><strong>\u00bfUn recuerdo de tu primer partido en Segunda?<\/strong><\/p>\n<p>Fue un Bilbao Athletic \u2013 Llagostera. Durante la semana me ol\u00eda el debut y fueron la familia y los amigos. Jugu\u00e9 la recta final del partido. Fue un a\u00f1o que viv\u00ed con mucha ilusi\u00f3n, ven\u00eda de Tercera Divisi\u00f3n y pas\u00e9 a jugar cada 15 d\u00edas en San Mam\u00e9s. Y luego todos los estadios que visit\u00e1bamos, muchos eran top, por ejemplo el Mart\u00ednez Valero. Se viv\u00eda un gran ambiente de f\u00fatbol. La pena es que cuando llevas un tiempo lo normalizas, pero a los futboleros nos gusta esto.<\/p>\n<p><strong>Diferente afrontar la competici\u00f3n en un filial que hacerlo en un primer equipo, \u00bfno?<\/strong><\/p>\n<p>Se nota la diferencia. Al final en un filial est\u00e1s en una etapa de formaci\u00f3n y cuando vas a un club para el primer equipo se nota la presi\u00f3n, la responsabilidad que asumes respecto a la entidad y a la afici\u00f3n que hay detr\u00e1s. Todo eso se nota mucho m\u00e1s fuera de una cantera.<\/p>\n<p><strong>Tras el descenso con el filial del Athletic, ascenso con la UD Logro\u00f1\u00e9s. \u00bfSe saborea m\u00e1s tras logar el ascenso?<\/strong><\/p>\n<p>S\u00ed, deber\u00eda haber sido as\u00ed. Pero fue el a\u00f1o del COVID y de los estadios sin p\u00fablico y no se disfruta tanto. Al igual que te coment\u00e9 que jugar en grandes estadios, con esos ambientes, era un aliciente, hacerlo sin afici\u00f3n todo lo contrario. A m\u00ed lo que m\u00e1s me gustaba era ver a estadios con buen ambiente y verlos as\u00ed no me gustaba nada. Volver a Segunda y de esta manera fue un poco baj\u00f3n.<\/p>\n<p><strong>Hist\u00f3rica tambi\u00e9n tu presencia en el estreno de la SD Amorebieta en la categor\u00eda de plata\u2026<\/strong><\/p>\n<p>Fue una temporada especial, coincid\u00ed con mucha gente que conoc\u00eda y se form\u00f3 un gran vestuario, lo disfrutamos. Era un club que llegaba por primera vez al f\u00fatbol profesional y hab\u00eda mucha ilusi\u00f3n en el entorno. Era bonito vivirlo, ver a la afici\u00f3n, a la gente del club disfrutar de esta experiencia en Segunda.<\/p>\n<p><strong>De un novato, a un club con solera como el Albacete Balompi\u00e9. Un cambio importante\u2026<\/strong><\/p>\n<p>S\u00ed, en todos los niveles. La presi\u00f3n, las instalaciones, la repercusi\u00f3n, etc\u00e9tera. Es una entidad hist\u00f3rica y encima el primer a\u00f1o disputamos los playoff de ascenso a Primera Divisi\u00f3n.<\/p>\n<p><strong>\u00bfFue una sorpresa disputar las eliminatorias de ascenso?<\/strong><\/p>\n<p>Si me lo dicen al principio de temporada no me lo creo. Pero a mitad de la misma lo ve\u00edamos posible. Jug\u00e1bamos de t\u00fa a t\u00fa a todos los rivales y en todos los estadios, con la mentalidad de ganar. De hecho, \u00edbamos convencidos de poder conseguir el ascenso en el playoff, pero las cosas no fueron bien.<\/p>\n<p><strong>\u00bfAlg\u00fan detalle que crees que pudo cambiar la eliminatoria?<\/strong><\/p>\n<p>Quiz\u00e1 que tuvimos exceso de confianza, que quer\u00edamos ganar la eliminatoria en el primer partido de casa. Su hubi\u00e9semos ido con m\u00e1s calma, pensando que era una eliminatoria larga, la cosa hubiese sido diferente.<\/p>\n<p><strong>\u00bfSe han cumplido los sue\u00f1os del Olaetxea ni\u00f1o?<\/strong><\/p>\n<p>S\u00ed, sin duda. Me gustaba mucho el f\u00fatbol, pero no ten\u00eda en la cabeza ser jugador profesional. Por eso cada paso que daba me hac\u00eda sentir orgulloso. He disfrutado, y lo sigo haciendo, de cada temporada en la que compito. Y tengo la ilusi\u00f3n de seguir dando pasos hacia adelante.<\/p>\n<p><strong>\u00bfAlg\u00fan sue\u00f1o por cumplir?<\/strong><\/p>\n<p>Como a todos cuando somos ni\u00f1os, me gustar\u00eda jugar en Primera Divisi\u00f3n. Pero siendo realistas, seguir disfrutando de salir a un campo de f\u00fatbol, vivir un gran ambiente de partido.<\/p>\n<p><strong>Pues seguro que juntos lo conseguimos\u2026<\/strong><\/p>\n<p>Y yo contento, porque estoy encantado con la familia EmartSoccer, con todos aquellos con los que he tenido relaci\u00f3n. Te hacen la vida mucho m\u00e1s f\u00e1cil y lo m\u00e1s importante, te permiten estar centrado \u00fanicamente en el aspecto deportivo.<\/p>\n<p><img fetchpriority=\"high\" decoding=\"async\" class=\"aligncenter wp-image-57478 size-full\" src=\"https:\/\/www.emartsoccer.es\/wp-content\/uploads\/2024\/05\/olaetxea_150.jpg\" alt=\"\" width=\"1080\" height=\"1350\" \/><\/p>\n","protected":false},"excerpt":{"rendered":"<p>Lander Olaetxea, un tipo tan sencillo como imprescindible en sus equipos. El centrocampista vasco disput\u00f3 la pasada jornada su encuentro 150 en la categor\u00eda de plata, de los que 129 los hizo como titular defendiendo las el\u00e1sticas del Bilbao Athletic, UD Logro\u00f1\u00e9s, SD Amorebieta y Albacete Balompi\u00e9. Para \u00e9l, lo m\u00e1s importante es disfrutar saltando [&hellip;]<\/p>\n","protected":false},"author":7,"featured_media":57476,"comment_status":"closed","ping_status":"closed","sticky":false,"template":"","format":"standard","meta":{"footnotes":""},"categories":[594],"tags":[],"class_list":["post-57473","post","type-post","status-publish","format-standard","has-post-thumbnail","hentry","category-noticia-masculino"],"_links":{"self":[{"href":"https:\/\/www.emartsoccer.es\/en\/wp-json\/wp\/v2\/posts\/57473","targetHints":{"allow":["GET"]}}],"collection":[{"href":"https:\/\/www.emartsoccer.es\/en\/wp-json\/wp\/v2\/posts"}],"about":[{"href":"https:\/\/www.emartsoccer.es\/en\/wp-json\/wp\/v2\/types\/post"}],"author":[{"embeddable":true,"href":"https:\/\/www.emartsoccer.es\/en\/wp-json\/wp\/v2\/users\/7"}],"replies":[{"embeddable":true,"href":"https:\/\/www.emartsoccer.es\/en\/wp-json\/wp\/v2\/comments?post=57473"}],"version-history":[{"count":1,"href":"https:\/\/www.emartsoccer.es\/en\/wp-json\/wp\/v2\/posts\/57473\/revisions"}],"predecessor-version":[{"id":57480,"href":"https:\/\/www.emartsoccer.es\/en\/wp-json\/wp\/v2\/posts\/57473\/revisions\/57480"}],"wp:featuredmedia":[{"embeddable":true,"href":"https:\/\/www.emartsoccer.es\/en\/wp-json\/wp\/v2\/media\/57476"}],"wp:attachment":[{"href":"https:\/\/www.emartsoccer.es\/en\/wp-json\/wp\/v2\/media?parent=57473"}],"wp:term":[{"taxonomy":"category","embeddable":true,"href":"https:\/\/www.emartsoccer.es\/en\/wp-json\/wp\/v2\/categories?post=57473"},{"taxonomy":"post_tag","embeddable":true,"href":"https:\/\/www.emartsoccer.es\/en\/wp-json\/wp\/v2\/tags?post=57473"}],"curies":[{"name":"wp","href":"https:\/\/api.w.org\/{rel}","templated":true}]}}