{"id":57451,"date":"2024-04-24T23:41:15","date_gmt":"2024-04-24T21:41:15","guid":{"rendered":"https:\/\/www.emartsoccer.es\/?p=57451"},"modified":"2024-04-25T00:05:37","modified_gmt":"2024-04-24T22:05:37","slug":"jorge-felix-el-piast-me-cambio-la-vida-a-nivel-personal-y-deportivo","status":"publish","type":"post","link":"https:\/\/www.emartsoccer.es\/en\/jorge-felix-el-piast-me-cambio-la-vida-a-nivel-personal-y-deportivo\/","title":{"rendered":"Jorge F\u00e9lix: \u201cEl Piast me cambi\u00f3 la vida a nivel personal y deportivo\u201d"},"content":{"rendered":"<p>Como todo futbolista nacional, Jorge F\u00e9lix so\u00f1aba con llegar a la Primera Divisi\u00f3n espa\u00f1ola. El destino le ten\u00eda otro camino, la m\u00e1xima categor\u00eda de otros dos pa\u00edses. La primera parada, Polonia. La segunda, Turqu\u00eda. Cumplir\u00e1 cinco temporadas en el Piast Gliwice, en dos etapas diferentes, y cuando mira atr\u00e1s le sale una sonrisa por todo lo vivido a nivel personal y deportivo. Lleg\u00f3 como un desconocido y ahora es el segundo m\u00e1ximo goleador del club en Ekstraklasa, fue campe\u00f3n de Liga y MVP de la competici\u00f3n.<\/p>\n<p><strong>Lo primero, enhorabuena por su renovaci\u00f3n\u2026<\/strong><\/p>\n<p>Muchas gracias. La verdad que me hizo muy feliz porque yo quer\u00eda continuar en el Piast Gliwice. Ten\u00eda que cumplir unos objetivos y poco a poco lo he conseguido. As\u00ed que contento por renovar una campa\u00f1a m\u00e1s.<\/p>\n<p><strong>Cuatro temporadas y habr\u00e1 una quinta. \u00bfLo imaginaste cuando llegaste?<\/strong><\/p>\n<p>La verdad que no. Firm\u00e9 dos a\u00f1os en su momento y ten\u00eda dudas porque era la primera experiencia que ten\u00eda en el extranjero. Pero ha ido muy bien, todos estamos contentos. Estos cuatro a\u00f1os han sido muy buenos y espero que los que est\u00e1n por llegar sean iguales.<\/p>\n<p><strong>Cuando echas la mirada atr\u00e1s, \u00bfde qu\u00e9 te acuerdas?<\/strong><\/p>\n<p>Del primer viaje a Polonia, vine con David Vila. Fue duro, hubo problemas con mi antiguo club y lo pasamos mal. Pero por suerte todo acab\u00f3 bien y estoy muy contento por lo que he vivido: he ganado un Liga, he sido MVP de la competici\u00f3n. Miro al pasado y me alegro por todo.<img fetchpriority=\"high\" decoding=\"async\" class=\" wp-image-57460 alignright\" src=\"https:\/\/www.emartsoccer.es\/wp-content\/uploads\/2024\/04\/g4-294x300.jpg\" alt=\"\" width=\"391\" height=\"399\" \/><\/p>\n<p><strong>Pero cuando le lleg\u00f3 la propuesta del Piast, la primera, hubo dudas, \u00bfno?<\/strong><\/p>\n<p>S\u00ed, claro que las hubo. Siempre hab\u00eda jugado en Espa\u00f1a y no me hab\u00eda planteado salir. Yo quer\u00eda jugar al m\u00e1s alto nivel posible en nuestro pa\u00eds. Conoc\u00eda Polonia, hab\u00eda estado de vacaciones, pero no sab\u00eda nada de su competici\u00f3n, de los clubes, de salarios. Habl\u00e9 con un ex compa\u00f1ero del Getafe B que hab\u00eda estado aqu\u00ed, Carles Marc, y me dijo que pod\u00eda estar tranquilo, que iba a ir todo bien. Me pas\u00f3 el contacto de Gerard Bad\u00eda, que tambi\u00e9n jugaba en el Piast, y me confirm\u00f3 todo. Me quitaron las dudas.<\/p>\n<p><strong>\u00bfHas pensado en alg\u00fan momento qu\u00e9 hubiese pasado si no hubieses aceptado?<\/strong><\/p>\n<p>La verdad que no, pero si lo pienso creo no me hubiese ido tan bien. Firmar aqu\u00ed me cambi\u00f3 la vida a nivel personal y deportivo.<\/p>\n<p><strong>En tu primer a\u00f1o Liga y el segundo MVP.\u00a0 Dif\u00edcil empezar mejor\u2026<\/strong><\/p>\n<p>Mis primeras palabras con el entrenador fueron de intentar sufrir menos que la temporada anterior, que el equipo lo hab\u00eda pasado mal para lograr la permanencia. Yo pensaba en asegurar la permanencia, sufrir lo menos posible. \u00a1Y ganamos la Liga! Nunca hab\u00eda ganado un t\u00edtulo y fue una sensaci\u00f3n incre\u00edble. La ciudad disfrut\u00f3 mucho y nosotros en el bus por las calles con los aficionados.<\/p>\n<p><img decoding=\"async\" class=\" wp-image-57454 alignleft\" src=\"https:\/\/www.emartsoccer.es\/wp-content\/uploads\/2024\/04\/g22-293x300.jpg\" alt=\"\" width=\"357\" height=\"366\" \/><\/p>\n<p><strong>Te marchaste a Turqu\u00eda, Sivasspor, y a la vuelta la competici\u00f3n ya no era la misma\u2026<\/strong><\/p>\n<p>No, hab\u00eda mejorado bastante. Antes peleaban por el t\u00edtulo tres o cuatro equipos y ahora hay seis o siete con opciones de conseguirlo. Ha subido mucho el nivel, porque se ha dado un paso adelante en los presupuestos de los clubes, ha crecido el n\u00famero de aficionados. El f\u00fatbol polaco, en general, ha crecido much\u00edsimo. Se puede ver en los partidos de competiciones europeas, ahora los equipos llegan m\u00e1s lejos.<\/p>\n<p><strong>En tu regreso ya no eras uno m\u00e1s, volv\u00edas como un \u00eddolo\u2026<\/strong><\/p>\n<p>S\u00ed, lo not\u00e9. Me hab\u00eda ido como MVP, marcando 19 goles y la gente esperaba lo mismo. El primer partido de Liga, gol y victoria. En Copa, otro gol. Pero no s\u00e9 si era por la presi\u00f3n de mantener el nivel que no disfrutaba igual. Ni di mi mejor versi\u00f3n, fue un poco decepcionante.<\/p>\n<p><strong>La temporada actual se parece mucho, a nivel individual, a la de tu estreno en Ekstraklasa\u2026<\/strong><\/p>\n<p>En cifras s\u00ed, aunque he dado en esta m\u00e1s asistencias. Creo que estoy jugando mejor que en mi primer a\u00f1o, en el que yo intentaba arriesgar poco. Ahora estoy m\u00e1s suelto, tengo mucho m\u00e1s peso en el equipo.<\/p>\n<p><strong>\u00bfC\u00f3mo definir\u00edas la Ekstraklasa?<\/strong><\/p>\n<p>Imprevisible, hay muchos clubes que optan a ganarla. Puede que un a\u00f1o pelees por no descender y al siguiente lo hagas por el t\u00edtulo, ha pasado. Es verdad que est\u00e1n los cl\u00e1sicos que siempre pelean por el t\u00edtulo, pero ahora se han sumado otros. Al final, seis o siete est\u00e1n todo el a\u00f1o arriba y con opciones.<\/p>\n<p>A ello hay que sumar las mejoras en las infraestructuras de los clubes, los presupuestos que han crecido mucho, los estadios espectaculares que hay en Primera y Segunda Divisi\u00f3n. La cultura futbol\u00edstica est\u00e1 calando y adem\u00e1s el pa\u00eds tambi\u00e9n ha dado un paso adelante, hay m\u00e1s inversiones y se nota en el deporte.<\/p>\n<p><strong>Una pena no poder estar en la final de Copa\u2026<\/strong><\/p>\n<p>Fue terrible no poder jugar las semifinales ante el Wisla Krakow. Estuve muy malo, con mucha fiebre. Fue duro no poder jugar, llev\u00e1bamos un mes pensando en ese partido, ten\u00eda mucha confianza, en que todo iba a salir bien. Lo peor es cuando la gente me dec\u00eda que si yo hubiese jugador el Piast Gliwice se hubiese clasificado para la fina. Me da rabia pensar que eso fuese verdad.<\/p>\n<p><strong>Al menos que la gane el Wisla, con Eneko Satr\u00fastegui y Vullnet Basha\u2026 <\/strong><\/p>\n<p>Ojal\u00e1, pero me hubiese gustado jugar la final, ganar e ir a Europa nosotros.<\/p>\n<p><strong>\u00bfC\u00f3mo es la relaci\u00f3n con los jugadores de la agencia y otros espa\u00f1oles aqu\u00ed?<\/strong><\/p>\n<p>Al igual que a m\u00ed me ayudaron, yo cuando me piden ayuda con temas del d\u00eda a d\u00eda o antes de venir quieren informarse, les ayudo. Lo hice con Eneko y Tarsi, adem\u00e1s de otros futbolistas espa\u00f1oles.<\/p>\n<p><strong>De todo este tiempo en Polonia, \u00bfcon qu\u00e9 te quedas?<\/strong><\/p>\n<p>Con la gente que he conocido, con mis compa\u00f1eros y el cari\u00f1o de la afici\u00f3n. Estoy muy feliz de todo lo que he vivido en estos a\u00f1os.<\/p>\n<p>&nbsp;<\/p>\n","protected":false},"excerpt":{"rendered":"<p>Como todo futbolista nacional, Jorge F\u00e9lix so\u00f1aba con llegar a la Primera Divisi\u00f3n espa\u00f1ola. El destino le ten\u00eda otro camino, la m\u00e1xima categor\u00eda de otros dos pa\u00edses. La primera parada, Polonia. La segunda, Turqu\u00eda. Cumplir\u00e1 cinco temporadas en el Piast Gliwice, en dos etapas diferentes, y cuando mira atr\u00e1s le sale una sonrisa por todo [&hellip;]<\/p>\n","protected":false},"author":7,"featured_media":57462,"comment_status":"closed","ping_status":"closed","sticky":false,"template":"","format":"standard","meta":{"footnotes":""},"categories":[594],"tags":[],"class_list":["post-57451","post","type-post","status-publish","format-standard","has-post-thumbnail","hentry","category-noticia-masculino"],"_links":{"self":[{"href":"https:\/\/www.emartsoccer.es\/en\/wp-json\/wp\/v2\/posts\/57451","targetHints":{"allow":["GET"]}}],"collection":[{"href":"https:\/\/www.emartsoccer.es\/en\/wp-json\/wp\/v2\/posts"}],"about":[{"href":"https:\/\/www.emartsoccer.es\/en\/wp-json\/wp\/v2\/types\/post"}],"author":[{"embeddable":true,"href":"https:\/\/www.emartsoccer.es\/en\/wp-json\/wp\/v2\/users\/7"}],"replies":[{"embeddable":true,"href":"https:\/\/www.emartsoccer.es\/en\/wp-json\/wp\/v2\/comments?post=57451"}],"version-history":[{"count":2,"href":"https:\/\/www.emartsoccer.es\/en\/wp-json\/wp\/v2\/posts\/57451\/revisions"}],"predecessor-version":[{"id":57465,"href":"https:\/\/www.emartsoccer.es\/en\/wp-json\/wp\/v2\/posts\/57451\/revisions\/57465"}],"wp:featuredmedia":[{"embeddable":true,"href":"https:\/\/www.emartsoccer.es\/en\/wp-json\/wp\/v2\/media\/57462"}],"wp:attachment":[{"href":"https:\/\/www.emartsoccer.es\/en\/wp-json\/wp\/v2\/media?parent=57451"}],"wp:term":[{"taxonomy":"category","embeddable":true,"href":"https:\/\/www.emartsoccer.es\/en\/wp-json\/wp\/v2\/categories?post=57451"},{"taxonomy":"post_tag","embeddable":true,"href":"https:\/\/www.emartsoccer.es\/en\/wp-json\/wp\/v2\/tags?post=57451"}],"curies":[{"name":"wp","href":"https:\/\/api.w.org\/{rel}","templated":true}]}}