{"id":57435,"date":"2024-04-23T12:18:39","date_gmt":"2024-04-23T10:18:39","guid":{"rendered":"https:\/\/www.emartsoccer.es\/?p=57435"},"modified":"2024-04-23T12:18:39","modified_gmt":"2024-04-23T10:18:39","slug":"jorge-felix-renovado-hasta-junio-de-2025-con-el-piast-gliwice","status":"publish","type":"post","link":"https:\/\/www.emartsoccer.es\/en\/jorge-felix-renovado-hasta-junio-de-2025-con-el-piast-gliwice\/","title":{"rendered":"Jorge F\u00e9lix, renovado hasta junio de 2025 con el Piast Gliwice"},"content":{"rendered":"<p>La<strong> extraordinaria temporada de Jorge F\u00e9lix<\/strong> ha tenido su recompensa en forma de renovaci\u00f3n de contrato. El madrile\u00f1o ha cumplido con una de las cl\u00e1usulas firmadas en su momento y ha visto como su vinculaci\u00f3n con la entidad polaca se ha prorrogado una temporada m\u00e1s,<strong> hasta junio de 2025.<\/strong> El ariete,<strong> segundo m\u00e1ximo artillero del club en la Ekstraklasa<\/strong>, seguir\u00e1 haciendo historia en el f\u00fatbol polaco.<\/p>\n<p>En 2018 se inici\u00f3 la aventura de Jorge F\u00e9lix en el Piast. Tras dos grandes temporadas, en las que logr\u00f3 el<strong> t\u00edtulo de campe\u00f3n de Liga y fue nombrado MVP de la competici\u00f3n<\/strong>, parti\u00f3 hacia Turqu\u00eda para jugar en el <strong>Sivasspor<\/strong>. En el verano de 2022 regresar\u00eda a Polonia, al club en el que es un referente tanto dentro como fuera del terreno de juego. En estas cuatro campa\u00f1as en el Piast ha disputado <strong>136 partidos, en los que ha marcado 36 goles y ha dado 17 asistencias.<\/strong><\/p>\n<p>En EmartSoccer celebramos este logro de nuestro querido Jorge F\u00e9lix, que con trabajo ha conseguido hacerse un nombre en una Liga tan competitiva como es la polaca y se ha convertido en un futbolista importante para su club.<\/p>\n","protected":false},"excerpt":{"rendered":"<p>La extraordinaria temporada de Jorge F\u00e9lix ha tenido su recompensa en forma de renovaci\u00f3n de contrato. El madrile\u00f1o ha cumplido con una de las cl\u00e1usulas firmadas en su momento y ha visto como su vinculaci\u00f3n con la entidad polaca se ha prorrogado una temporada m\u00e1s, hasta junio de 2025. El ariete, segundo m\u00e1ximo artillero del [&hellip;]<\/p>\n","protected":false},"author":7,"featured_media":57438,"comment_status":"closed","ping_status":"closed","sticky":false,"template":"","format":"standard","meta":{"footnotes":""},"categories":[594],"tags":[],"class_list":["post-57435","post","type-post","status-publish","format-standard","has-post-thumbnail","hentry","category-noticia-masculino"],"_links":{"self":[{"href":"https:\/\/www.emartsoccer.es\/en\/wp-json\/wp\/v2\/posts\/57435","targetHints":{"allow":["GET"]}}],"collection":[{"href":"https:\/\/www.emartsoccer.es\/en\/wp-json\/wp\/v2\/posts"}],"about":[{"href":"https:\/\/www.emartsoccer.es\/en\/wp-json\/wp\/v2\/types\/post"}],"author":[{"embeddable":true,"href":"https:\/\/www.emartsoccer.es\/en\/wp-json\/wp\/v2\/users\/7"}],"replies":[{"embeddable":true,"href":"https:\/\/www.emartsoccer.es\/en\/wp-json\/wp\/v2\/comments?post=57435"}],"version-history":[{"count":1,"href":"https:\/\/www.emartsoccer.es\/en\/wp-json\/wp\/v2\/posts\/57435\/revisions"}],"predecessor-version":[{"id":57440,"href":"https:\/\/www.emartsoccer.es\/en\/wp-json\/wp\/v2\/posts\/57435\/revisions\/57440"}],"wp:featuredmedia":[{"embeddable":true,"href":"https:\/\/www.emartsoccer.es\/en\/wp-json\/wp\/v2\/media\/57438"}],"wp:attachment":[{"href":"https:\/\/www.emartsoccer.es\/en\/wp-json\/wp\/v2\/media?parent=57435"}],"wp:term":[{"taxonomy":"category","embeddable":true,"href":"https:\/\/www.emartsoccer.es\/en\/wp-json\/wp\/v2\/categories?post=57435"},{"taxonomy":"post_tag","embeddable":true,"href":"https:\/\/www.emartsoccer.es\/en\/wp-json\/wp\/v2\/tags?post=57435"}],"curies":[{"name":"wp","href":"https:\/\/api.w.org\/{rel}","templated":true}]}}