{"id":57426,"date":"2024-04-23T12:08:01","date_gmt":"2024-04-23T10:08:01","guid":{"rendered":"https:\/\/www.emartsoccer.es\/?p=57426"},"modified":"2024-04-23T12:10:31","modified_gmt":"2024-04-23T10:10:31","slug":"jorge-cabello-debuta-en-segunda-con-el-levante-ud","status":"publish","type":"post","link":"https:\/\/www.emartsoccer.es\/en\/jorge-cabello-debuta-en-segunda-con-el-levante-ud\/","title":{"rendered":"Jorge Cabello debuta en Segunda con el Levante UD"},"content":{"rendered":"<p>El <strong>20 de abril de 2024 ser\u00e1 una fecha inolvidable para Jorge Cabello<\/strong>. El joven jugador de EmartSoccer cumpli\u00f3 uno de sus sue\u00f1os, el de <strong>debutar en el f\u00fatbol profesional<\/strong>. Lo hizo con 19 a\u00f1os y con la el\u00e1stica del Levante UD, club al que se incorpor\u00f3 hace cinco temporadas para formar parte del Cadete A procedente del Cadete A y de la mano de nuestra agencia.<\/p>\n<p>Durante varias semanas Jorge form\u00f3 parte de la convocatoria granota, pero fue ante el Racing de Santander cuando recibi\u00f3 el premio de su debut. El cuerpo t\u00e9cnico, viendo el nivel mostrado durante el tiempo que ha trabajado con el primer equipo, no tuvo dudas en su elecci\u00f3n en un choque ante un rival directo por el playoff de ascenso a Primera Divisi\u00f3n. Jorge disput\u00f3 los 90 minutos y tuvo una destacada actuaci\u00f3n.<strong> Felipe Mi\u00f1ambres<\/strong>, su entrenador, dijo esto sobre \u00e9l: <em>\u201cEntrena muy bien y lleva mucho con nosotros. Me transmite confianza, tiene buen pie. Sab\u00eda que era un partido dif\u00edcil, pero a veces hay que dar oportunidades a los chavales independientemente del escenario\u201d.<\/em><\/p>\n<p>Desde EmartSoccer<strong> queremos felicitar a Jorge Cabello por su estreno en Segunda Divisi\u00f3n<\/strong> y le animamos a seguir trabajando como hasta ahora.<\/p>\n<p>&nbsp;<\/p>\n<p>&nbsp;<\/p>\n<p><img fetchpriority=\"high\" decoding=\"async\" class=\"aligncenter wp-image-57429 size-large\" src=\"https:\/\/www.emartsoccer.es\/wp-content\/uploads\/2024\/04\/cabello-819x1024.jpg\" alt=\"\" width=\"800\" height=\"1000\" \/><\/p>\n","protected":false},"excerpt":{"rendered":"<p>El 20 de abril de 2024 ser\u00e1 una fecha inolvidable para Jorge Cabello. El joven jugador de EmartSoccer cumpli\u00f3 uno de sus sue\u00f1os, el de debutar en el f\u00fatbol profesional. Lo hizo con 19 a\u00f1os y con la el\u00e1stica del Levante UD, club al que se incorpor\u00f3 hace cinco temporadas para formar parte del Cadete [&hellip;]<\/p>\n","protected":false},"author":7,"featured_media":57431,"comment_status":"closed","ping_status":"closed","sticky":false,"template":"","format":"standard","meta":{"footnotes":""},"categories":[594],"tags":[],"class_list":["post-57426","post","type-post","status-publish","format-standard","has-post-thumbnail","hentry","category-noticia-masculino"],"_links":{"self":[{"href":"https:\/\/www.emartsoccer.es\/en\/wp-json\/wp\/v2\/posts\/57426","targetHints":{"allow":["GET"]}}],"collection":[{"href":"https:\/\/www.emartsoccer.es\/en\/wp-json\/wp\/v2\/posts"}],"about":[{"href":"https:\/\/www.emartsoccer.es\/en\/wp-json\/wp\/v2\/types\/post"}],"author":[{"embeddable":true,"href":"https:\/\/www.emartsoccer.es\/en\/wp-json\/wp\/v2\/users\/7"}],"replies":[{"embeddable":true,"href":"https:\/\/www.emartsoccer.es\/en\/wp-json\/wp\/v2\/comments?post=57426"}],"version-history":[{"count":2,"href":"https:\/\/www.emartsoccer.es\/en\/wp-json\/wp\/v2\/posts\/57426\/revisions"}],"predecessor-version":[{"id":57434,"href":"https:\/\/www.emartsoccer.es\/en\/wp-json\/wp\/v2\/posts\/57426\/revisions\/57434"}],"wp:featuredmedia":[{"embeddable":true,"href":"https:\/\/www.emartsoccer.es\/en\/wp-json\/wp\/v2\/media\/57431"}],"wp:attachment":[{"href":"https:\/\/www.emartsoccer.es\/en\/wp-json\/wp\/v2\/media?parent=57426"}],"wp:term":[{"taxonomy":"category","embeddable":true,"href":"https:\/\/www.emartsoccer.es\/en\/wp-json\/wp\/v2\/categories?post=57426"},{"taxonomy":"post_tag","embeddable":true,"href":"https:\/\/www.emartsoccer.es\/en\/wp-json\/wp\/v2\/tags?post=57426"}],"curies":[{"name":"wp","href":"https:\/\/api.w.org\/{rel}","templated":true}]}}