{"id":55475,"date":"2024-04-05T13:57:31","date_gmt":"2024-04-05T11:57:31","guid":{"rendered":"https:\/\/www.emartsoccer.es\/?p=55475"},"modified":"2024-04-05T13:57:31","modified_gmt":"2024-04-05T11:57:31","slug":"eneko-y-basha-en-la-final-de-la-copa-de-polonia-con-el-wisla-krakow","status":"publish","type":"post","link":"https:\/\/www.emartsoccer.es\/en\/eneko-y-basha-en-la-final-de-la-copa-de-polonia-con-el-wisla-krakow\/","title":{"rendered":"Eneko y Basha, en la final de la Copa de Polonia con el Wisla Krak\u00f3w"},"content":{"rendered":"<p>Gran temporada la que est\u00e1 realizando el Wisla Krakow de nuestros jugadores Eneko Satr\u00fastegui y Vullnet Basha. El conjunto polaco, que pelea por el ascenso a Ekstraklasa, se clasific\u00f3 para la final de la Copa de Polonia al vencer en semifinales al Piast Gliwice, de nuestro tambi\u00e9n representando Jorge F\u00e9lix y que milita en la m\u00e1xima categor\u00eda.<\/p>\n<p>Muy pronto se puso el choque de cara para los de Cracovia, que abrieron el marcador en el primer minuto de juego. Antes del descanso hicieron el segundo, pero a la vuelta de vestuarios el Piast redujo distancias y apret\u00f3 hasta el final para intentar igualar el choque. Finaliz\u00f3 el partido con el resultado de 2-1 y ahora el Wisla pelear\u00e1 por el t\u00edtulo ante el Pogon Szczecin, disput\u00e1ndose la final el pr\u00f3ximo 2 de mayo.<\/p>\n<p>En la recta final, el Wisla quiere mantener su buena l\u00ednea para conseguir el retorno a Ekstraklasa e intentar hacerse con la competici\u00f3n copera, lo que supondr\u00eda un paso de gigantes para uno de los clubes con m\u00e1s historia de Polonia.<\/p>\n<p>&nbsp;<\/p>\n","protected":false},"excerpt":{"rendered":"<p>Gran temporada la que est\u00e1 realizando el Wisla Krakow de nuestros jugadores Eneko Satr\u00fastegui y Vullnet Basha. El conjunto polaco, que pelea por el ascenso a Ekstraklasa, se clasific\u00f3 para la final de la Copa de Polonia al vencer en semifinales al Piast Gliwice, de nuestro tambi\u00e9n representando Jorge F\u00e9lix y que milita en la [&hellip;]<\/p>\n","protected":false},"author":7,"featured_media":55476,"comment_status":"closed","ping_status":"closed","sticky":false,"template":"","format":"standard","meta":{"footnotes":""},"categories":[594],"tags":[],"class_list":["post-55475","post","type-post","status-publish","format-standard","has-post-thumbnail","hentry","category-noticia-masculino"],"_links":{"self":[{"href":"https:\/\/www.emartsoccer.es\/en\/wp-json\/wp\/v2\/posts\/55475","targetHints":{"allow":["GET"]}}],"collection":[{"href":"https:\/\/www.emartsoccer.es\/en\/wp-json\/wp\/v2\/posts"}],"about":[{"href":"https:\/\/www.emartsoccer.es\/en\/wp-json\/wp\/v2\/types\/post"}],"author":[{"embeddable":true,"href":"https:\/\/www.emartsoccer.es\/en\/wp-json\/wp\/v2\/users\/7"}],"replies":[{"embeddable":true,"href":"https:\/\/www.emartsoccer.es\/en\/wp-json\/wp\/v2\/comments?post=55475"}],"version-history":[{"count":1,"href":"https:\/\/www.emartsoccer.es\/en\/wp-json\/wp\/v2\/posts\/55475\/revisions"}],"predecessor-version":[{"id":55477,"href":"https:\/\/www.emartsoccer.es\/en\/wp-json\/wp\/v2\/posts\/55475\/revisions\/55477"}],"wp:featuredmedia":[{"embeddable":true,"href":"https:\/\/www.emartsoccer.es\/en\/wp-json\/wp\/v2\/media\/55476"}],"wp:attachment":[{"href":"https:\/\/www.emartsoccer.es\/en\/wp-json\/wp\/v2\/media?parent=55475"}],"wp:term":[{"taxonomy":"category","embeddable":true,"href":"https:\/\/www.emartsoccer.es\/en\/wp-json\/wp\/v2\/categories?post=55475"},{"taxonomy":"post_tag","embeddable":true,"href":"https:\/\/www.emartsoccer.es\/en\/wp-json\/wp\/v2\/tags?post=55475"}],"curies":[{"name":"wp","href":"https:\/\/api.w.org\/{rel}","templated":true}]}}