{"id":53758,"date":"2024-02-09T12:01:28","date_gmt":"2024-02-09T11:01:28","guid":{"rendered":"https:\/\/www.emartsoccer.es\/?p=53758"},"modified":"2024-02-09T12:08:45","modified_gmt":"2024-02-09T11:08:45","slug":"el-equipo-emartsoccer-analizo-el-ultimo-mercado-de-invierno","status":"publish","type":"post","link":"https:\/\/www.emartsoccer.es\/en\/el-equipo-emartsoccer-analizo-el-ultimo-mercado-de-invierno\/","title":{"rendered":"El equipo EmartSoccer analiz\u00f3 el \u00faltimo mercado de invierno"},"content":{"rendered":"\n<h4 class=\"wp-block-heading\">Adem\u00e1s, se habl\u00f3 de los nuevos retos de la agencia para los pr\u00f3ximos meses con el objetivo de mantener la l\u00ednea de crecimiento en todos los \u00e1mbitos.<\/h4>\n\n\n\n<p>Tras la finalizaci\u00f3n del mercado de enero, un a\u00f1o m\u00e1s los integrantes de EmartSoccer vivieron una jornada de trabajo en Logro\u00f1o, ciudad donde est\u00e1 ubicada la sede central de la agencia. En la misma, a la que acudieron los diferentes agentes con los que contamos por Espa\u00f1a, se trataron diferentes temas que han marcado los \u00faltimos meses de la compa\u00f1\u00eda y tambi\u00e9n se habl\u00f3 del futuro m\u00e1s cercano, centrados en el periodo de febrero a junio, justo antes de arrancar una nueva ventaja de mercado.<\/p>\n\n\n\n<p>Liderada por Eduardo Llanos, director general de EmartSoccer, la reuni\u00f3n tuvo como punto de inicio el an\u00e1lisis del \u00faltimo mercado de invierno, en el que se consiguieron logros tan importantes como el traspaso de Carlos Vicente al Deportivo Alav\u00e9s, uno de los dos que se hicieron desde Segunda a Primera y por el que se desembols\u00f3 m\u00e1s cantidad de dinero, la renovaci\u00f3n con el Deportivo Alav\u00e9s de Abde Rebbach, el salto de categor\u00eda de Ian Mackay desde el RC Deportivo al CD Eldense y el regreso a Espa\u00f1a de Carlos Guti\u00e9rrez para militar en la SD Huesca. <\/p>\n\n\n\n<p>Despu\u00e9s, se habl\u00f3 de la situaci\u00f3n de cada uno de nuestros representados y tambi\u00e9n de los nuevos retos a los que nos enfrentaremos en los pr\u00f3ximos meses, necesarios para seguir creciendo en el d\u00eda a d\u00eda. Adem\u00e1s, reuni\u00f3n con la plataforma TransferRoom, que busca generar m\u00e1s oportunidades para las agencias y sus futbolistas.<\/p>\n\n\n\n<p>Al finalizar, los miembros de EmartSoccer disfrutaron de una distendida comida antes de regresar a sus puntos de origen.<\/p>\n","protected":false},"excerpt":{"rendered":"<p>Adem\u00e1s, se habl\u00f3 de los nuevos retos de la agencia para los pr\u00f3ximos meses con el objetivo de mantener la l\u00ednea de crecimiento en todos los \u00e1mbitos. Tras la finalizaci\u00f3n del mercado de enero, un a\u00f1o m\u00e1s los integrantes de EmartSoccer vivieron una jornada de trabajo en Logro\u00f1o, ciudad donde est\u00e1 ubicada la sede central [&hellip;]<\/p>\n","protected":false},"author":7,"featured_media":0,"comment_status":"closed","ping_status":"closed","sticky":false,"template":"","format":"standard","meta":{"footnotes":""},"categories":[594],"tags":[],"class_list":["post-53758","post","type-post","status-publish","format-standard","hentry","category-noticia-masculino"],"_links":{"self":[{"href":"https:\/\/www.emartsoccer.es\/en\/wp-json\/wp\/v2\/posts\/53758","targetHints":{"allow":["GET"]}}],"collection":[{"href":"https:\/\/www.emartsoccer.es\/en\/wp-json\/wp\/v2\/posts"}],"about":[{"href":"https:\/\/www.emartsoccer.es\/en\/wp-json\/wp\/v2\/types\/post"}],"author":[{"embeddable":true,"href":"https:\/\/www.emartsoccer.es\/en\/wp-json\/wp\/v2\/users\/7"}],"replies":[{"embeddable":true,"href":"https:\/\/www.emartsoccer.es\/en\/wp-json\/wp\/v2\/comments?post=53758"}],"version-history":[{"count":4,"href":"https:\/\/www.emartsoccer.es\/en\/wp-json\/wp\/v2\/posts\/53758\/revisions"}],"predecessor-version":[{"id":53766,"href":"https:\/\/www.emartsoccer.es\/en\/wp-json\/wp\/v2\/posts\/53758\/revisions\/53766"}],"wp:attachment":[{"href":"https:\/\/www.emartsoccer.es\/en\/wp-json\/wp\/v2\/media?parent=53758"}],"wp:term":[{"taxonomy":"category","embeddable":true,"href":"https:\/\/www.emartsoccer.es\/en\/wp-json\/wp\/v2\/categories?post=53758"},{"taxonomy":"post_tag","embeddable":true,"href":"https:\/\/www.emartsoccer.es\/en\/wp-json\/wp\/v2\/tags?post=53758"}],"curies":[{"name":"wp","href":"https:\/\/api.w.org\/{rel}","templated":true}]}}